{"id":6211,"date":"2026-05-02T17:26:41","date_gmt":"2026-05-02T15:26:41","guid":{"rendered":"https:\/\/catalansdragons.com\/news\/le-13-de-depart-confirme-5\/"},"modified":"2026-05-02T17:28:29","modified_gmt":"2026-05-02T15:28:29","slug":"le-13-de-depart-confirme-5","status":"publish","type":"post","link":"https:\/\/catalansdragons.com\/en\/brief\/le-13-de-depart-confirme-5\/","title":{"rendered":"Line-up confirmed"},"content":{"rendered":"<p>Our starting line-up has been confirmed ahead of our Super League Round 10 against Leigh Leopards, kick-off at 7pm CET.<\/p>\n<p>&nbsp;<\/p>\n<p><strong>Watch the game<\/strong><\/p>\n<p><strong>TV<\/strong><br \/>\n<a href=\"https:\/\/live.rugbyrama.fr\/fr\/2-chaines\/4-super-league-2026\/\">Rugbyrama<\/a><br \/>\n<a href=\"https:\/\/www.lindependant.fr\/\">L&#8217;Ind\u00e9pendant<\/a><br \/>\nSky Sports<br \/>\nSuperLeague+<br \/>\n3Cat (Esport 3)<\/p>\n<p><strong>Radio<\/strong><br \/>\nIci Roussillon<\/p>\n<p><strong>Live match<\/strong><br \/>\nTwitter<br \/>\nClub&#8217;s mobile app<\/p>\n","protected":false},"excerpt":{"rendered":"<p>Our starting line-up has been confirmed ahead of our Super League Round 10 against Leigh Leopards, kick-off at 7pm CET. &nbsp; Watch the game TV Rugbyrama L&#8217;Ind\u00e9pendant Sky Sports SuperLeague+ 3Cat (Esport 3) Radio Ici Roussillon Live match Twitter Club&#8217;s mobile app<\/p>\n","protected":false},"author":14,"featured_media":6212,"comment_status":"closed","ping_status":"closed","sticky":false,"template":"","format":"standard","meta":{"_acf_changed":false,"_et_pb_use_builder":"","_et_pb_old_content":"","_et_gb_content_width":"","footnotes":""},"categories":[34,43],"tags":[],"class_list":["post-6211","post","type-post","status-publish","format-standard","has-post-thumbnail","hentry","category-brief","category-super-league"],"acf":[],"yoast_head":"<!-- This site is optimized with the Yoast SEO plugin v27.5 - https:\/\/yoast.com\/product\/yoast-seo-wordpress\/ -->\n<title>Line-up confirmed - Les dragons<\/title>\n<meta name=\"robots\" content=\"index, follow, max-snippet:-1, max-image-preview:large, max-video-preview:-1\" \/>\n<link rel=\"canonical\" href=\"https:\/\/catalansdragons.com\/en\/brief\/le-13-de-depart-confirme-5\/\" \/>\n<meta property=\"og:locale\" content=\"en_US\" \/>\n<meta property=\"og:type\" content=\"article\" \/>\n<meta property=\"og:title\" content=\"Line-up confirmed - Les dragons\" \/>\n<meta property=\"og:description\" content=\"Our starting line-up has been confirmed ahead of our Super League Round 10 against Leigh Leopards, kick-off at 7pm CET. &nbsp; Watch the game TV Rugbyrama L&#8217;Ind\u00e9pendant Sky Sports SuperLeague+ 3Cat (Esport 3) Radio Ici Roussillon Live match Twitter Club&#8217;s mobile app\" \/>\n<meta property=\"og:url\" content=\"https:\/\/catalansdragons.com\/en\/brief\/le-13-de-depart-confirme-5\/\" \/>\n<meta property=\"og:site_name\" content=\"Les dragons\" \/>\n<meta property=\"article:published_time\" content=\"2026-05-02T15:26:41+00:00\" \/>\n<meta property=\"article:modified_time\" content=\"2026-05-02T15:28:29+00:00\" \/>\n<meta property=\"og:image\" content=\"https:\/\/catalansdragons.com\/wp-content\/uploads\/2026\/05\/26-Team-Announcement-X.jpg\" \/>\n\t<meta property=\"og:image:width\" content=\"1080\" \/>\n\t<meta property=\"og:image:height\" content=\"1350\" \/>\n\t<meta property=\"og:image:type\" content=\"image\/jpeg\" \/>\n<meta name=\"author\" content=\"jheraud\" \/>\n<meta name=\"twitter:card\" content=\"summary_large_image\" \/>\n<script type=\"application\/ld+json\" class=\"yoast-schema-graph\">{\"@context\":\"https:\\\/\\\/schema.org\",\"@graph\":[{\"@type\":\"Article\",\"@id\":\"https:\\\/\\\/catalansdragons.com\\\/en\\\/brief\\\/le-13-de-depart-confirme-5\\\/#article\",\"isPartOf\":{\"@id\":\"https:\\\/\\\/catalansdragons.com\\\/en\\\/brief\\\/le-13-de-depart-confirme-5\\\/\"},\"author\":{\"name\":\"jheraud\",\"@id\":\"http:\\\/\\\/catalansdragons.com\\\/en\\\/#\\\/schema\\\/person\\\/f6b5e9c92857a7843a97d463f865fc7f\"},\"headline\":\"Line-up confirmed\",\"datePublished\":\"2026-05-02T15:26:41+00:00\",\"dateModified\":\"2026-05-02T15:28:29+00:00\",\"mainEntityOfPage\":{\"@id\":\"https:\\\/\\\/catalansdragons.com\\\/en\\\/brief\\\/le-13-de-depart-confirme-5\\\/\"},\"wordCount\":45,\"image\":{\"@id\":\"https:\\\/\\\/catalansdragons.com\\\/en\\\/brief\\\/le-13-de-depart-confirme-5\\\/#primaryimage\"},\"thumbnailUrl\":\"https:\\\/\\\/catalansdragons.com\\\/wp-content\\\/uploads\\\/2026\\\/05\\\/26-Team-Announcement-X.jpg\",\"articleSection\":[\"Brief\",\"Super League\"],\"inLanguage\":\"en-US\"},{\"@type\":\"WebPage\",\"@id\":\"https:\\\/\\\/catalansdragons.com\\\/en\\\/brief\\\/le-13-de-depart-confirme-5\\\/\",\"url\":\"https:\\\/\\\/catalansdragons.com\\\/en\\\/brief\\\/le-13-de-depart-confirme-5\\\/\",\"name\":\"Line-up confirmed - Les dragons\",\"isPartOf\":{\"@id\":\"http:\\\/\\\/catalansdragons.com\\\/en\\\/#website\"},\"primaryImageOfPage\":{\"@id\":\"https:\\\/\\\/catalansdragons.com\\\/en\\\/brief\\\/le-13-de-depart-confirme-5\\\/#primaryimage\"},\"image\":{\"@id\":\"https:\\\/\\\/catalansdragons.com\\\/en\\\/brief\\\/le-13-de-depart-confirme-5\\\/#primaryimage\"},\"thumbnailUrl\":\"https:\\\/\\\/catalansdragons.com\\\/wp-content\\\/uploads\\\/2026\\\/05\\\/26-Team-Announcement-X.jpg\",\"datePublished\":\"2026-05-02T15:26:41+00:00\",\"dateModified\":\"2026-05-02T15:28:29+00:00\",\"author\":{\"@id\":\"http:\\\/\\\/catalansdragons.com\\\/en\\\/#\\\/schema\\\/person\\\/f6b5e9c92857a7843a97d463f865fc7f\"},\"breadcrumb\":{\"@id\":\"https:\\\/\\\/catalansdragons.com\\\/en\\\/brief\\\/le-13-de-depart-confirme-5\\\/#breadcrumb\"},\"inLanguage\":\"en-US\",\"potentialAction\":[{\"@type\":\"ReadAction\",\"target\":[\"https:\\\/\\\/catalansdragons.com\\\/en\\\/brief\\\/le-13-de-depart-confirme-5\\\/\"]}]},{\"@type\":\"ImageObject\",\"inLanguage\":\"en-US\",\"@id\":\"https:\\\/\\\/catalansdragons.com\\\/en\\\/brief\\\/le-13-de-depart-confirme-5\\\/#primaryimage\",\"url\":\"https:\\\/\\\/catalansdragons.com\\\/wp-content\\\/uploads\\\/2026\\\/05\\\/26-Team-Announcement-X.jpg\",\"contentUrl\":\"https:\\\/\\\/catalansdragons.com\\\/wp-content\\\/uploads\\\/2026\\\/05\\\/26-Team-Announcement-X.jpg\",\"width\":1080,\"height\":1350},{\"@type\":\"BreadcrumbList\",\"@id\":\"https:\\\/\\\/catalansdragons.com\\\/en\\\/brief\\\/le-13-de-depart-confirme-5\\\/#breadcrumb\",\"itemListElement\":[{\"@type\":\"ListItem\",\"position\":1,\"name\":\"Accueil\",\"item\":\"https:\\\/\\\/catalansdragons.com\\\/en\\\/\"},{\"@type\":\"ListItem\",\"position\":2,\"name\":\"Line-up confirmed\"}]},{\"@type\":\"WebSite\",\"@id\":\"http:\\\/\\\/catalansdragons.com\\\/en\\\/#website\",\"url\":\"http:\\\/\\\/catalansdragons.com\\\/en\\\/\",\"name\":\"Les dragons\",\"description\":\"Les Dragons catalans sont un club professionnel fran\u00e7ais de rugby \u00e0 XIII bas\u00e9e \u00e0 Perpignan.\",\"potentialAction\":[{\"@type\":\"SearchAction\",\"target\":{\"@type\":\"EntryPoint\",\"urlTemplate\":\"http:\\\/\\\/catalansdragons.com\\\/en\\\/?s={search_term_string}\"},\"query-input\":{\"@type\":\"PropertyValueSpecification\",\"valueRequired\":true,\"valueName\":\"search_term_string\"}}],\"inLanguage\":\"en-US\"},{\"@type\":\"Person\",\"@id\":\"http:\\\/\\\/catalansdragons.com\\\/en\\\/#\\\/schema\\\/person\\\/f6b5e9c92857a7843a97d463f865fc7f\",\"name\":\"jheraud\"}]}<\/script>\n<!-- \/ Yoast SEO plugin. -->","yoast_head_json":{"title":"Line-up confirmed - Les dragons","robots":{"index":"index","follow":"follow","max-snippet":"max-snippet:-1","max-image-preview":"max-image-preview:large","max-video-preview":"max-video-preview:-1"},"canonical":"https:\/\/catalansdragons.com\/en\/brief\/le-13-de-depart-confirme-5\/","og_locale":"en_US","og_type":"article","og_title":"Line-up confirmed - Les dragons","og_description":"Our starting line-up has been confirmed ahead of our Super League Round 10 against Leigh Leopards, kick-off at 7pm CET. &nbsp; Watch the game TV Rugbyrama L&#8217;Ind\u00e9pendant Sky Sports SuperLeague+ 3Cat (Esport 3) Radio Ici Roussillon Live match Twitter Club&#8217;s mobile app","og_url":"https:\/\/catalansdragons.com\/en\/brief\/le-13-de-depart-confirme-5\/","og_site_name":"Les dragons","article_published_time":"2026-05-02T15:26:41+00:00","article_modified_time":"2026-05-02T15:28:29+00:00","og_image":[{"width":1080,"height":1350,"url":"https:\/\/catalansdragons.com\/wp-content\/uploads\/2026\/05\/26-Team-Announcement-X.jpg","type":"image\/jpeg"}],"author":"jheraud","twitter_card":"summary_large_image","schema":{"@context":"https:\/\/schema.org","@graph":[{"@type":"Article","@id":"https:\/\/catalansdragons.com\/en\/brief\/le-13-de-depart-confirme-5\/#article","isPartOf":{"@id":"https:\/\/catalansdragons.com\/en\/brief\/le-13-de-depart-confirme-5\/"},"author":{"name":"jheraud","@id":"http:\/\/catalansdragons.com\/en\/#\/schema\/person\/f6b5e9c92857a7843a97d463f865fc7f"},"headline":"Line-up confirmed","datePublished":"2026-05-02T15:26:41+00:00","dateModified":"2026-05-02T15:28:29+00:00","mainEntityOfPage":{"@id":"https:\/\/catalansdragons.com\/en\/brief\/le-13-de-depart-confirme-5\/"},"wordCount":45,"image":{"@id":"https:\/\/catalansdragons.com\/en\/brief\/le-13-de-depart-confirme-5\/#primaryimage"},"thumbnailUrl":"https:\/\/catalansdragons.com\/wp-content\/uploads\/2026\/05\/26-Team-Announcement-X.jpg","articleSection":["Brief","Super League"],"inLanguage":"en-US"},{"@type":"WebPage","@id":"https:\/\/catalansdragons.com\/en\/brief\/le-13-de-depart-confirme-5\/","url":"https:\/\/catalansdragons.com\/en\/brief\/le-13-de-depart-confirme-5\/","name":"Line-up confirmed - Les dragons","isPartOf":{"@id":"http:\/\/catalansdragons.com\/en\/#website"},"primaryImageOfPage":{"@id":"https:\/\/catalansdragons.com\/en\/brief\/le-13-de-depart-confirme-5\/#primaryimage"},"image":{"@id":"https:\/\/catalansdragons.com\/en\/brief\/le-13-de-depart-confirme-5\/#primaryimage"},"thumbnailUrl":"https:\/\/catalansdragons.com\/wp-content\/uploads\/2026\/05\/26-Team-Announcement-X.jpg","datePublished":"2026-05-02T15:26:41+00:00","dateModified":"2026-05-02T15:28:29+00:00","author":{"@id":"http:\/\/catalansdragons.com\/en\/#\/schema\/person\/f6b5e9c92857a7843a97d463f865fc7f"},"breadcrumb":{"@id":"https:\/\/catalansdragons.com\/en\/brief\/le-13-de-depart-confirme-5\/#breadcrumb"},"inLanguage":"en-US","potentialAction":[{"@type":"ReadAction","target":["https:\/\/catalansdragons.com\/en\/brief\/le-13-de-depart-confirme-5\/"]}]},{"@type":"ImageObject","inLanguage":"en-US","@id":"https:\/\/catalansdragons.com\/en\/brief\/le-13-de-depart-confirme-5\/#primaryimage","url":"https:\/\/catalansdragons.com\/wp-content\/uploads\/2026\/05\/26-Team-Announcement-X.jpg","contentUrl":"https:\/\/catalansdragons.com\/wp-content\/uploads\/2026\/05\/26-Team-Announcement-X.jpg","width":1080,"height":1350},{"@type":"BreadcrumbList","@id":"https:\/\/catalansdragons.com\/en\/brief\/le-13-de-depart-confirme-5\/#breadcrumb","itemListElement":[{"@type":"ListItem","position":1,"name":"Accueil","item":"https:\/\/catalansdragons.com\/en\/"},{"@type":"ListItem","position":2,"name":"Line-up confirmed"}]},{"@type":"WebSite","@id":"http:\/\/catalansdragons.com\/en\/#website","url":"http:\/\/catalansdragons.com\/en\/","name":"Les dragons","description":"Les Dragons catalans sont un club professionnel fran\u00e7ais de rugby \u00e0 XIII bas\u00e9e \u00e0 Perpignan.","potentialAction":[{"@type":"SearchAction","target":{"@type":"EntryPoint","urlTemplate":"http:\/\/catalansdragons.com\/en\/?s={search_term_string}"},"query-input":{"@type":"PropertyValueSpecification","valueRequired":true,"valueName":"search_term_string"}}],"inLanguage":"en-US"},{"@type":"Person","@id":"http:\/\/catalansdragons.com\/en\/#\/schema\/person\/f6b5e9c92857a7843a97d463f865fc7f","name":"jheraud"}]}},"_links":{"self":[{"href":"https:\/\/catalansdragons.com\/en\/wp-json\/wp\/v2\/posts\/6211","targetHints":{"allow":["GET"]}}],"collection":[{"href":"https:\/\/catalansdragons.com\/en\/wp-json\/wp\/v2\/posts"}],"about":[{"href":"https:\/\/catalansdragons.com\/en\/wp-json\/wp\/v2\/types\/post"}],"author":[{"embeddable":true,"href":"https:\/\/catalansdragons.com\/en\/wp-json\/wp\/v2\/users\/14"}],"replies":[{"embeddable":true,"href":"https:\/\/catalansdragons.com\/en\/wp-json\/wp\/v2\/comments?post=6211"}],"version-history":[{"count":1,"href":"https:\/\/catalansdragons.com\/en\/wp-json\/wp\/v2\/posts\/6211\/revisions"}],"predecessor-version":[{"id":6213,"href":"https:\/\/catalansdragons.com\/en\/wp-json\/wp\/v2\/posts\/6211\/revisions\/6213"}],"wp:featuredmedia":[{"embeddable":true,"href":"https:\/\/catalansdragons.com\/en\/wp-json\/wp\/v2\/media\/6212"}],"wp:attachment":[{"href":"https:\/\/catalansdragons.com\/en\/wp-json\/wp\/v2\/media?parent=6211"}],"wp:term":[{"taxonomy":"category","embeddable":true,"href":"https:\/\/catalansdragons.com\/en\/wp-json\/wp\/v2\/categories?post=6211"},{"taxonomy":"post_tag","embeddable":true,"href":"https:\/\/catalansdragons.com\/en\/wp-json\/wp\/v2\/tags?post=6211"}],"curies":[{"name":"wp","href":"https:\/\/api.w.org\/{rel}","templated":true}]}}