{"id":6204,"date":"2026-05-01T09:00:20","date_gmt":"2026-05-01T07:00:20","guid":{"rendered":"https:\/\/catalansdragons.com\/?p=6204"},"modified":"2026-04-30T18:21:18","modified_gmt":"2026-04-30T16:21:18","slug":"le-groupe-de-la-reserve-pour-albi","status":"publish","type":"post","link":"https:\/\/catalansdragons.com\/en\/brief\/le-groupe-de-la-reserve-pour-albi\/","title":{"rendered":"Reserve team squad to face Albi"},"content":{"rendered":"<p><strong>Catalans Dragons reserve team headcoach R\u00e9mi Casty has named his squad to face Albi in the curtain-raiser of Catalans Dragons game on Saturday at Brutus, kick-off at 4.15pm CET.<\/strong><\/p>\n<p>Alexis Meresta-Doucet, who plays for Ille XIII, St Est\u00e8ve XIII Catalan reserve team, is in the squad to compensate for the many absences.<\/p>\n<p>&nbsp;<\/p>\n<p><strong>The squad<\/strong><\/p>\n<p>Nicolas Authier<br data-start=\"15\" data-end=\"18\" \/>Thomas Boully<br data-start=\"31\" data-end=\"34\" \/>Hugo Cellier<br data-start=\"46\" data-end=\"49\" \/>Giovanni Descalzi<br data-start=\"66\" data-end=\"69\" \/>Samy Devoyon<br data-start=\"81\" data-end=\"84\" \/>Mathis Frayssinous<br data-start=\"102\" data-end=\"105\" \/>F\u00e9lix Gautier<br data-start=\"118\" data-end=\"121\" \/>Romain Humbert<br data-start=\"135\" data-end=\"138\" \/>Mat\u00e9o Jimenez-Lopez<br data-start=\"157\" data-end=\"160\" \/>Alexis Lis<br data-start=\"170\" data-end=\"173\" \/>Lenny Marc<br data-start=\"183\" data-end=\"186\" \/>Joris Martignoles<br data-start=\"203\" data-end=\"206\" \/>Maxime Masuaute<br data-start=\"221\" data-end=\"224\" \/>Alexis Meresta-Doucet<br data-start=\"245\" data-end=\"248\" \/>Salim Nahal<br data-start=\"259\" data-end=\"262\" \/>Lucas Neveu<br data-start=\"273\" data-end=\"276\" \/>Tim\u00e9o Portier<br data-start=\"289\" data-end=\"292\" \/>L\u00e9o Ricard<br data-start=\"302\" data-end=\"305\" \/>Alexis Scimone<br data-start=\"319\" data-end=\"322\" \/>Josh Simm<\/p>\n<p>&nbsp;<\/p>\n<p>&nbsp;<\/p>\n<p><span style=\"font-size: 18pt;\"><strong>U19 team <\/strong><\/span><span style=\"font-size: 18pt;\"><strong>squad<\/strong><\/span><\/p>\n<p>Justin Murphy has named his squad to face Albi at the St Est\u00e8ve Stadium, kick-off at 1.15pm CET.<\/p>\n<div class=\"relative basis-auto flex-col -mb-(--composer-overlap-px) pb-(--composer-overlap-px) [--composer-overlap-px:28px] grow flex\">\n<div class=\"flex flex-col text-sm\">\n<section class=\"text-token-text-primary w-full focus:outline-none [--shadow-height:45px] has-data-writing-block:pointer-events-none has-data-writing-block:-mt-(--shadow-height) has-data-writing-block:pt-(--shadow-height) [&amp;:has([data-writing-block])&gt;*]:pointer-events-auto [content-visibility:auto] supports-[content-visibility:auto]:[contain-intrinsic-size:auto_100lvh] R6Vx5W_threadScrollVars scroll-mb-[calc(var(--scroll-root-safe-area-inset-bottom,0px)+var(--thread-response-height))] scroll-mt-[calc(var(--header-height)+min(200px,max(70px,20svh)))]\" dir=\"auto\" data-turn-id=\"f5f86f7d-5159-48b1-8aa1-e4b0423cb186\" data-testid=\"conversation-turn-10\" data-scroll-anchor=\"false\" data-turn=\"assistant\">\n<div class=\"text-base my-auto mx-auto pb-10 [--thread-content-margin:var(--thread-content-margin-xs,calc(var(--spacing)*4))] @w-sm\/main:[--thread-content-margin:var(--thread-content-margin-sm,calc(var(--spacing)*6))] @w-lg\/main:[--thread-content-margin:var(--thread-content-margin-lg,calc(var(--spacing)*16))] px-(--thread-content-margin)\">\n<div class=\"[--thread-content-max-width:40rem] @w-lg\/main:[--thread-content-max-width:48rem] mx-auto max-w-(--thread-content-max-width) flex-1 group\/turn-messages focus-visible:outline-hidden relative flex w-full min-w-0 flex-col agent-turn\">\n<div class=\"flex max-w-full flex-col gap-4 grow\">\n<div class=\"min-h-8 text-message relative flex w-full flex-col items-end gap-2 text-start break-words whitespace-normal outline-none keyboard-focused:focus-ring [.text-message+&amp;]:mt-1\" dir=\"auto\" tabindex=\"0\" data-message-author-role=\"assistant\" data-message-id=\"e9f1312b-a499-4002-a9ee-5746a80c6bef\" data-turn-start-message=\"true\" data-message-model-slug=\"gpt-5-3\">\n<div class=\"flex w-full flex-col gap-1 empty:hidden\">\n<div class=\"markdown prose dark:prose-invert w-full wrap-break-word light markdown-new-styling\">\n<p data-start=\"0\" data-end=\"189\" data-is-last-node=\"\" data-is-only-node=\"\">Killian Belmaaziz<br data-start=\"9\" data-end=\"12\" \/>Nessy Buche<br data-start=\"17\" data-end=\"20\" \/>Paul Carrion<br data-start=\"27\" data-end=\"30\" \/>Giordano Descalzi<br data-start=\"38\" data-end=\"41\" \/>Yann Doutres<br data-start=\"48\" data-end=\"51\" \/>Nathan Gandou<br data-start=\"57\" data-end=\"60\" \/>Adrien Georges<br data-start=\"67\" data-end=\"70\" \/>Tom Gruppi<br data-start=\"76\" data-end=\"79\" \/>Adam Halimi<br data-start=\"85\" data-end=\"88\" \/>Dorian Karpicek<br data-start=\"96\" data-end=\"99\" \/>Mickael Lallemand<br data-start=\"108\" data-end=\"111\" \/>Arthur Maturana<br data-start=\"119\" data-end=\"122\" \/>Steven Rodriguez<br data-start=\"131\" data-end=\"134\" \/>Louis Romano<br data-start=\"140\" data-end=\"143\" \/>Giovanni Sao<br data-start=\"146\" data-end=\"149\" \/>Giulhiano Simarro<br data-start=\"156\" data-end=\"159\" \/>Samuel Soulie-Duprat<br data-start=\"172\" data-end=\"175\" \/>Lenny Stacul<br data-start=\"181\" data-end=\"184\" \/>Cl\u00e9ment Troni<\/p>\n<\/div>\n<\/div>\n<\/div>\n<\/div>\n<\/div>\n<\/div>\n<\/section>\n<\/div>\n<\/div>\n","protected":false},"excerpt":{"rendered":"<p>Catalans Dragons reserve team headcoach R\u00e9mi Casty has named his squad to face Albi in the curtain-raiser of Catalans Dragons game on Saturday at Brutus, kick-off at 4.15pm CET. Alexis Meresta-Doucet, who plays for Ille XIII, St Est\u00e8ve XIII Catalan reserve team, is in the squad to compensate for the many absences. &nbsp; The squad [&hellip;]<\/p>\n","protected":false},"author":14,"featured_media":6205,"comment_status":"closed","ping_status":"closed","sticky":false,"template":"","format":"standard","meta":{"_acf_changed":false,"_et_pb_use_builder":"","_et_pb_old_content":"","_et_gb_content_width":"","footnotes":""},"categories":[34,42],"tags":[],"class_list":["post-6204","post","type-post","status-publish","format-standard","has-post-thumbnail","hentry","category-brief","category-reserve"],"acf":[],"yoast_head":"<!-- This site is optimized with the Yoast SEO plugin v27.5 - https:\/\/yoast.com\/product\/yoast-seo-wordpress\/ -->\n<title>Reserve team squad to face Albi - Les dragons<\/title>\n<meta name=\"robots\" content=\"index, follow, max-snippet:-1, max-image-preview:large, max-video-preview:-1\" \/>\n<link rel=\"canonical\" href=\"https:\/\/catalansdragons.com\/en\/brief\/le-groupe-de-la-reserve-pour-albi\/\" \/>\n<meta property=\"og:locale\" content=\"en_US\" \/>\n<meta property=\"og:type\" content=\"article\" \/>\n<meta property=\"og:title\" content=\"Reserve team squad to face Albi - Les dragons\" \/>\n<meta property=\"og:description\" content=\"Catalans Dragons reserve team headcoach R\u00e9mi Casty has named his squad to face Albi in the curtain-raiser of Catalans Dragons game on Saturday at Brutus, kick-off at 4.15pm CET. Alexis Meresta-Doucet, who plays for Ille XIII, St Est\u00e8ve XIII Catalan reserve team, is in the squad to compensate for the many absences. &nbsp; The squad [&hellip;]\" \/>\n<meta property=\"og:url\" content=\"https:\/\/catalansdragons.com\/en\/brief\/le-groupe-de-la-reserve-pour-albi\/\" \/>\n<meta property=\"og:site_name\" content=\"Les dragons\" \/>\n<meta property=\"article:published_time\" content=\"2026-05-01T07:00:20+00:00\" \/>\n<meta property=\"og:image\" content=\"https:\/\/catalansdragons.com\/wp-content\/uploads\/2026\/04\/GroupeUTC_2026-2-scaled.jpg\" \/>\n\t<meta property=\"og:image:width\" content=\"2880\" \/>\n\t<meta property=\"og:image:height\" content=\"1800\" \/>\n\t<meta property=\"og:image:type\" content=\"image\/jpeg\" \/>\n<meta name=\"author\" content=\"jheraud\" \/>\n<meta name=\"twitter:card\" content=\"summary_large_image\" \/>\n<script type=\"application\/ld+json\" class=\"yoast-schema-graph\">{\"@context\":\"https:\\\/\\\/schema.org\",\"@graph\":[{\"@type\":\"Article\",\"@id\":\"https:\\\/\\\/catalansdragons.com\\\/en\\\/brief\\\/le-groupe-de-la-reserve-pour-albi\\\/#article\",\"isPartOf\":{\"@id\":\"https:\\\/\\\/catalansdragons.com\\\/en\\\/brief\\\/le-groupe-de-la-reserve-pour-albi\\\/\"},\"author\":{\"name\":\"jheraud\",\"@id\":\"http:\\\/\\\/catalansdragons.com\\\/en\\\/#\\\/schema\\\/person\\\/f6b5e9c92857a7843a97d463f865fc7f\"},\"headline\":\"Reserve team squad to face Albi\",\"datePublished\":\"2026-05-01T07:00:20+00:00\",\"mainEntityOfPage\":{\"@id\":\"https:\\\/\\\/catalansdragons.com\\\/en\\\/brief\\\/le-groupe-de-la-reserve-pour-albi\\\/\"},\"wordCount\":133,\"image\":{\"@id\":\"https:\\\/\\\/catalansdragons.com\\\/en\\\/brief\\\/le-groupe-de-la-reserve-pour-albi\\\/#primaryimage\"},\"thumbnailUrl\":\"https:\\\/\\\/catalansdragons.com\\\/wp-content\\\/uploads\\\/2026\\\/04\\\/GroupeUTC_2026-2-scaled.jpg\",\"articleSection\":[\"Brief\",\"Reserve\"],\"inLanguage\":\"en-US\"},{\"@type\":\"WebPage\",\"@id\":\"https:\\\/\\\/catalansdragons.com\\\/en\\\/brief\\\/le-groupe-de-la-reserve-pour-albi\\\/\",\"url\":\"https:\\\/\\\/catalansdragons.com\\\/en\\\/brief\\\/le-groupe-de-la-reserve-pour-albi\\\/\",\"name\":\"Reserve team squad to face Albi - Les dragons\",\"isPartOf\":{\"@id\":\"http:\\\/\\\/catalansdragons.com\\\/en\\\/#website\"},\"primaryImageOfPage\":{\"@id\":\"https:\\\/\\\/catalansdragons.com\\\/en\\\/brief\\\/le-groupe-de-la-reserve-pour-albi\\\/#primaryimage\"},\"image\":{\"@id\":\"https:\\\/\\\/catalansdragons.com\\\/en\\\/brief\\\/le-groupe-de-la-reserve-pour-albi\\\/#primaryimage\"},\"thumbnailUrl\":\"https:\\\/\\\/catalansdragons.com\\\/wp-content\\\/uploads\\\/2026\\\/04\\\/GroupeUTC_2026-2-scaled.jpg\",\"datePublished\":\"2026-05-01T07:00:20+00:00\",\"author\":{\"@id\":\"http:\\\/\\\/catalansdragons.com\\\/en\\\/#\\\/schema\\\/person\\\/f6b5e9c92857a7843a97d463f865fc7f\"},\"breadcrumb\":{\"@id\":\"https:\\\/\\\/catalansdragons.com\\\/en\\\/brief\\\/le-groupe-de-la-reserve-pour-albi\\\/#breadcrumb\"},\"inLanguage\":\"en-US\",\"potentialAction\":[{\"@type\":\"ReadAction\",\"target\":[\"https:\\\/\\\/catalansdragons.com\\\/en\\\/brief\\\/le-groupe-de-la-reserve-pour-albi\\\/\"]}]},{\"@type\":\"ImageObject\",\"inLanguage\":\"en-US\",\"@id\":\"https:\\\/\\\/catalansdragons.com\\\/en\\\/brief\\\/le-groupe-de-la-reserve-pour-albi\\\/#primaryimage\",\"url\":\"https:\\\/\\\/catalansdragons.com\\\/wp-content\\\/uploads\\\/2026\\\/04\\\/GroupeUTC_2026-2-scaled.jpg\",\"contentUrl\":\"https:\\\/\\\/catalansdragons.com\\\/wp-content\\\/uploads\\\/2026\\\/04\\\/GroupeUTC_2026-2-scaled.jpg\",\"width\":2880,\"height\":1800},{\"@type\":\"BreadcrumbList\",\"@id\":\"https:\\\/\\\/catalansdragons.com\\\/en\\\/brief\\\/le-groupe-de-la-reserve-pour-albi\\\/#breadcrumb\",\"itemListElement\":[{\"@type\":\"ListItem\",\"position\":1,\"name\":\"Accueil\",\"item\":\"https:\\\/\\\/catalansdragons.com\\\/en\\\/\"},{\"@type\":\"ListItem\",\"position\":2,\"name\":\"Reserve team squad to face Albi\"}]},{\"@type\":\"WebSite\",\"@id\":\"http:\\\/\\\/catalansdragons.com\\\/en\\\/#website\",\"url\":\"http:\\\/\\\/catalansdragons.com\\\/en\\\/\",\"name\":\"Les dragons\",\"description\":\"Les Dragons catalans sont un club professionnel fran\u00e7ais de rugby \u00e0 XIII bas\u00e9e \u00e0 Perpignan.\",\"potentialAction\":[{\"@type\":\"SearchAction\",\"target\":{\"@type\":\"EntryPoint\",\"urlTemplate\":\"http:\\\/\\\/catalansdragons.com\\\/en\\\/?s={search_term_string}\"},\"query-input\":{\"@type\":\"PropertyValueSpecification\",\"valueRequired\":true,\"valueName\":\"search_term_string\"}}],\"inLanguage\":\"en-US\"},{\"@type\":\"Person\",\"@id\":\"http:\\\/\\\/catalansdragons.com\\\/en\\\/#\\\/schema\\\/person\\\/f6b5e9c92857a7843a97d463f865fc7f\",\"name\":\"jheraud\"}]}<\/script>\n<!-- \/ Yoast SEO plugin. -->","yoast_head_json":{"title":"Reserve team squad to face Albi - Les dragons","robots":{"index":"index","follow":"follow","max-snippet":"max-snippet:-1","max-image-preview":"max-image-preview:large","max-video-preview":"max-video-preview:-1"},"canonical":"https:\/\/catalansdragons.com\/en\/brief\/le-groupe-de-la-reserve-pour-albi\/","og_locale":"en_US","og_type":"article","og_title":"Reserve team squad to face Albi - Les dragons","og_description":"Catalans Dragons reserve team headcoach R\u00e9mi Casty has named his squad to face Albi in the curtain-raiser of Catalans Dragons game on Saturday at Brutus, kick-off at 4.15pm CET. Alexis Meresta-Doucet, who plays for Ille XIII, St Est\u00e8ve XIII Catalan reserve team, is in the squad to compensate for the many absences. &nbsp; The squad [&hellip;]","og_url":"https:\/\/catalansdragons.com\/en\/brief\/le-groupe-de-la-reserve-pour-albi\/","og_site_name":"Les dragons","article_published_time":"2026-05-01T07:00:20+00:00","og_image":[{"width":2880,"height":1800,"url":"https:\/\/catalansdragons.com\/wp-content\/uploads\/2026\/04\/GroupeUTC_2026-2-scaled.jpg","type":"image\/jpeg"}],"author":"jheraud","twitter_card":"summary_large_image","schema":{"@context":"https:\/\/schema.org","@graph":[{"@type":"Article","@id":"https:\/\/catalansdragons.com\/en\/brief\/le-groupe-de-la-reserve-pour-albi\/#article","isPartOf":{"@id":"https:\/\/catalansdragons.com\/en\/brief\/le-groupe-de-la-reserve-pour-albi\/"},"author":{"name":"jheraud","@id":"http:\/\/catalansdragons.com\/en\/#\/schema\/person\/f6b5e9c92857a7843a97d463f865fc7f"},"headline":"Reserve team squad to face Albi","datePublished":"2026-05-01T07:00:20+00:00","mainEntityOfPage":{"@id":"https:\/\/catalansdragons.com\/en\/brief\/le-groupe-de-la-reserve-pour-albi\/"},"wordCount":133,"image":{"@id":"https:\/\/catalansdragons.com\/en\/brief\/le-groupe-de-la-reserve-pour-albi\/#primaryimage"},"thumbnailUrl":"https:\/\/catalansdragons.com\/wp-content\/uploads\/2026\/04\/GroupeUTC_2026-2-scaled.jpg","articleSection":["Brief","Reserve"],"inLanguage":"en-US"},{"@type":"WebPage","@id":"https:\/\/catalansdragons.com\/en\/brief\/le-groupe-de-la-reserve-pour-albi\/","url":"https:\/\/catalansdragons.com\/en\/brief\/le-groupe-de-la-reserve-pour-albi\/","name":"Reserve team squad to face Albi - Les dragons","isPartOf":{"@id":"http:\/\/catalansdragons.com\/en\/#website"},"primaryImageOfPage":{"@id":"https:\/\/catalansdragons.com\/en\/brief\/le-groupe-de-la-reserve-pour-albi\/#primaryimage"},"image":{"@id":"https:\/\/catalansdragons.com\/en\/brief\/le-groupe-de-la-reserve-pour-albi\/#primaryimage"},"thumbnailUrl":"https:\/\/catalansdragons.com\/wp-content\/uploads\/2026\/04\/GroupeUTC_2026-2-scaled.jpg","datePublished":"2026-05-01T07:00:20+00:00","author":{"@id":"http:\/\/catalansdragons.com\/en\/#\/schema\/person\/f6b5e9c92857a7843a97d463f865fc7f"},"breadcrumb":{"@id":"https:\/\/catalansdragons.com\/en\/brief\/le-groupe-de-la-reserve-pour-albi\/#breadcrumb"},"inLanguage":"en-US","potentialAction":[{"@type":"ReadAction","target":["https:\/\/catalansdragons.com\/en\/brief\/le-groupe-de-la-reserve-pour-albi\/"]}]},{"@type":"ImageObject","inLanguage":"en-US","@id":"https:\/\/catalansdragons.com\/en\/brief\/le-groupe-de-la-reserve-pour-albi\/#primaryimage","url":"https:\/\/catalansdragons.com\/wp-content\/uploads\/2026\/04\/GroupeUTC_2026-2-scaled.jpg","contentUrl":"https:\/\/catalansdragons.com\/wp-content\/uploads\/2026\/04\/GroupeUTC_2026-2-scaled.jpg","width":2880,"height":1800},{"@type":"BreadcrumbList","@id":"https:\/\/catalansdragons.com\/en\/brief\/le-groupe-de-la-reserve-pour-albi\/#breadcrumb","itemListElement":[{"@type":"ListItem","position":1,"name":"Accueil","item":"https:\/\/catalansdragons.com\/en\/"},{"@type":"ListItem","position":2,"name":"Reserve team squad to face Albi"}]},{"@type":"WebSite","@id":"http:\/\/catalansdragons.com\/en\/#website","url":"http:\/\/catalansdragons.com\/en\/","name":"Les dragons","description":"Les Dragons catalans sont un club professionnel fran\u00e7ais de rugby \u00e0 XIII bas\u00e9e \u00e0 Perpignan.","potentialAction":[{"@type":"SearchAction","target":{"@type":"EntryPoint","urlTemplate":"http:\/\/catalansdragons.com\/en\/?s={search_term_string}"},"query-input":{"@type":"PropertyValueSpecification","valueRequired":true,"valueName":"search_term_string"}}],"inLanguage":"en-US"},{"@type":"Person","@id":"http:\/\/catalansdragons.com\/en\/#\/schema\/person\/f6b5e9c92857a7843a97d463f865fc7f","name":"jheraud"}]}},"_links":{"self":[{"href":"https:\/\/catalansdragons.com\/en\/wp-json\/wp\/v2\/posts\/6204","targetHints":{"allow":["GET"]}}],"collection":[{"href":"https:\/\/catalansdragons.com\/en\/wp-json\/wp\/v2\/posts"}],"about":[{"href":"https:\/\/catalansdragons.com\/en\/wp-json\/wp\/v2\/types\/post"}],"author":[{"embeddable":true,"href":"https:\/\/catalansdragons.com\/en\/wp-json\/wp\/v2\/users\/14"}],"replies":[{"embeddable":true,"href":"https:\/\/catalansdragons.com\/en\/wp-json\/wp\/v2\/comments?post=6204"}],"version-history":[{"count":2,"href":"https:\/\/catalansdragons.com\/en\/wp-json\/wp\/v2\/posts\/6204\/revisions"}],"predecessor-version":[{"id":6207,"href":"https:\/\/catalansdragons.com\/en\/wp-json\/wp\/v2\/posts\/6204\/revisions\/6207"}],"wp:featuredmedia":[{"embeddable":true,"href":"https:\/\/catalansdragons.com\/en\/wp-json\/wp\/v2\/media\/6205"}],"wp:attachment":[{"href":"https:\/\/catalansdragons.com\/en\/wp-json\/wp\/v2\/media?parent=6204"}],"wp:term":[{"taxonomy":"category","embeddable":true,"href":"https:\/\/catalansdragons.com\/en\/wp-json\/wp\/v2\/categories?post=6204"},{"taxonomy":"post_tag","embeddable":true,"href":"https:\/\/catalansdragons.com\/en\/wp-json\/wp\/v2\/tags?post=6204"}],"curies":[{"name":"wp","href":"https:\/\/api.w.org\/{rel}","templated":true}]}}