{"id":6157,"date":"2026-04-30T13:00:19","date_gmt":"2026-04-30T11:00:19","guid":{"rendered":"https:\/\/catalansdragons.com\/?p=6157"},"modified":"2026-04-30T12:08:56","modified_gmt":"2026-04-30T10:08:56","slug":"le-groupe-pour-leigh","status":"publish","type":"post","link":"https:\/\/catalansdragons.com\/en\/news\/le-groupe-pour-leigh\/","title":{"rendered":"The squad to face Leigh"},"content":{"rendered":"<p><strong>The staff has named his 21-man squad to face Leigh in the Super League round 10\u00a0on Saturday, 2 May, kick-off at 7 pm CEST at the Gilbert Brutus Stadium.<\/strong><\/p>\n<p>Franck Maria received the green light from the medical staff and could make his first appearance of the season. Cl\u00e9ment Martin is also named in the squad. They replace Ben Garcia and Lenny Marc.<\/p>\n<p>&nbsp;<\/p>\n<p><strong>The squad<\/strong><\/p>\n<p style=\"padding-left: 40px;\"><strong>1. <\/strong>Charlie <strong>STAINES<br \/>\n2.\u00a0<\/strong>Tommy <strong>MAKINSON<\/strong><br \/>\n<strong>3.\u00a0<\/strong>Nick <strong>COTRIC<br \/>\n4.\u00a0<\/strong>Solomona<strong>FAATAAPE<br \/>\n6.\u00a0<\/strong>Toby<strong>SEXTON<\/strong><br \/>\n<strong>7.\u00a0<\/strong>Lewis<strong>\u00a0DODD<\/strong><br \/>\n<strong>8.\u00a0<\/strong>Chris<strong>\u00a0SATAE<br \/>\n10.\u00a0<\/strong>Julian<strong>\u00a0BOUSQUET<br \/>\n11.\u00a0<\/strong>Franck<strong>\u00a0MARIA<\/strong><br \/>\n<strong>12.\u00a0<\/strong>Ben<strong>\u00a0CONDON<br \/>\n15.<\/strong>\u00a0Iszac<strong>\u00a0FA\u2019ASUAMALEAUI<br \/>\n16<\/strong>. Josh<strong>\u00a0ALLEN<\/strong><br \/>\n<strong>17.\u00a0<\/strong>Romain<strong>\u00a0NAVARRETE<\/strong><br \/>\n<strong>18.\u00a0<\/strong>Harvey<strong>\u00a0WILSON<\/strong><br \/>\n<strong>19.\u00a0<\/strong>Kruise<strong>\u00a0LEEMING<\/strong><br \/>\n<strong>20.\u00a0<\/strong>Zac<strong>\u00a0LIPOWICZ<\/strong><br \/>\n<strong>24.<\/strong>\u00a0Guillermo<strong>\u00a0AISPURO-BICHET<br \/>\n26.\u00a0<\/strong>Ugo<strong>\u00a0TISON<br \/>\n27.\u00a0<\/strong>Cl\u00e9ment<strong>\u00a0MARTIN<br \/>\n28.\u00a0<\/strong>L\u00e9o<strong>\u00a0DARRELATOUR<\/strong><br \/>\n<strong>30<\/strong>. Alexis<strong>\u00a0LIS<\/strong><\/p>\n","protected":false},"excerpt":{"rendered":"<p>The staff has named his 21-man squad to face Leigh in the Super League round 10\u00a0on Saturday, 2 May, kick-off at 7 pm CEST at the Gilbert Brutus Stadium. Franck Maria received the green light from the medical staff and could make his first appearance of the season. Cl\u00e9ment Martin is also named in the [&hellip;]<\/p>\n","protected":false},"author":6,"featured_media":6158,"comment_status":"closed","ping_status":"closed","sticky":false,"template":"","format":"standard","meta":{"_acf_changed":false,"_et_pb_use_builder":"","_et_pb_old_content":"","_et_gb_content_width":"","footnotes":""},"categories":[1],"tags":[],"class_list":["post-6157","post","type-post","status-publish","format-standard","has-post-thumbnail","hentry","category-news"],"acf":[],"yoast_head":"<!-- This site is optimized with the Yoast SEO plugin v27.5 - https:\/\/yoast.com\/product\/yoast-seo-wordpress\/ -->\n<title>The squad to face Leigh - Les dragons<\/title>\n<meta name=\"robots\" content=\"index, follow, max-snippet:-1, max-image-preview:large, max-video-preview:-1\" \/>\n<link rel=\"canonical\" href=\"https:\/\/catalansdragons.com\/en\/news\/le-groupe-pour-leigh\/\" \/>\n<meta property=\"og:locale\" content=\"en_US\" \/>\n<meta property=\"og:type\" content=\"article\" \/>\n<meta property=\"og:title\" content=\"The squad to face Leigh - Les dragons\" \/>\n<meta property=\"og:description\" content=\"The staff has named his 21-man squad to face Leigh in the Super League round 10\u00a0on Saturday, 2 May, kick-off at 7 pm CEST at the Gilbert Brutus Stadium. Franck Maria received the green light from the medical staff and could make his first appearance of the season. Cl\u00e9ment Martin is also named in the [&hellip;]\" \/>\n<meta property=\"og:url\" content=\"https:\/\/catalansdragons.com\/en\/news\/le-groupe-pour-leigh\/\" \/>\n<meta property=\"og:site_name\" content=\"Les dragons\" \/>\n<meta property=\"article:published_time\" content=\"2026-04-30T11:00:19+00:00\" \/>\n<meta property=\"og:image\" content=\"https:\/\/catalansdragons.com\/wp-content\/uploads\/2026\/04\/souchephoto_new_1920x1080-2.jpg\" \/>\n\t<meta property=\"og:image:width\" content=\"1920\" \/>\n\t<meta property=\"og:image:height\" content=\"1080\" \/>\n\t<meta property=\"og:image:type\" content=\"image\/jpeg\" \/>\n<meta name=\"author\" content=\"admdragon\" \/>\n<meta name=\"twitter:card\" content=\"summary_large_image\" \/>\n<script type=\"application\/ld+json\" class=\"yoast-schema-graph\">{\"@context\":\"https:\\\/\\\/schema.org\",\"@graph\":[{\"@type\":\"Article\",\"@id\":\"https:\\\/\\\/catalansdragons.com\\\/en\\\/news\\\/le-groupe-pour-leigh\\\/#article\",\"isPartOf\":{\"@id\":\"https:\\\/\\\/catalansdragons.com\\\/en\\\/news\\\/le-groupe-pour-leigh\\\/\"},\"author\":{\"name\":\"admdragon\",\"@id\":\"http:\\\/\\\/catalansdragons.com\\\/en\\\/#\\\/schema\\\/person\\\/a24f9fac9716dd4d2799b0399031453a\"},\"headline\":\"The squad to face Leigh\",\"datePublished\":\"2026-04-30T11:00:19+00:00\",\"mainEntityOfPage\":{\"@id\":\"https:\\\/\\\/catalansdragons.com\\\/en\\\/news\\\/le-groupe-pour-leigh\\\/\"},\"wordCount\":113,\"image\":{\"@id\":\"https:\\\/\\\/catalansdragons.com\\\/en\\\/news\\\/le-groupe-pour-leigh\\\/#primaryimage\"},\"thumbnailUrl\":\"https:\\\/\\\/catalansdragons.com\\\/wp-content\\\/uploads\\\/2026\\\/04\\\/souchephoto_new_1920x1080-2.jpg\",\"articleSection\":[\"News\"],\"inLanguage\":\"en-US\"},{\"@type\":\"WebPage\",\"@id\":\"https:\\\/\\\/catalansdragons.com\\\/en\\\/news\\\/le-groupe-pour-leigh\\\/\",\"url\":\"https:\\\/\\\/catalansdragons.com\\\/en\\\/news\\\/le-groupe-pour-leigh\\\/\",\"name\":\"The squad to face Leigh - Les dragons\",\"isPartOf\":{\"@id\":\"http:\\\/\\\/catalansdragons.com\\\/en\\\/#website\"},\"primaryImageOfPage\":{\"@id\":\"https:\\\/\\\/catalansdragons.com\\\/en\\\/news\\\/le-groupe-pour-leigh\\\/#primaryimage\"},\"image\":{\"@id\":\"https:\\\/\\\/catalansdragons.com\\\/en\\\/news\\\/le-groupe-pour-leigh\\\/#primaryimage\"},\"thumbnailUrl\":\"https:\\\/\\\/catalansdragons.com\\\/wp-content\\\/uploads\\\/2026\\\/04\\\/souchephoto_new_1920x1080-2.jpg\",\"datePublished\":\"2026-04-30T11:00:19+00:00\",\"author\":{\"@id\":\"http:\\\/\\\/catalansdragons.com\\\/en\\\/#\\\/schema\\\/person\\\/a24f9fac9716dd4d2799b0399031453a\"},\"breadcrumb\":{\"@id\":\"https:\\\/\\\/catalansdragons.com\\\/en\\\/news\\\/le-groupe-pour-leigh\\\/#breadcrumb\"},\"inLanguage\":\"en-US\",\"potentialAction\":[{\"@type\":\"ReadAction\",\"target\":[\"https:\\\/\\\/catalansdragons.com\\\/en\\\/news\\\/le-groupe-pour-leigh\\\/\"]}]},{\"@type\":\"ImageObject\",\"inLanguage\":\"en-US\",\"@id\":\"https:\\\/\\\/catalansdragons.com\\\/en\\\/news\\\/le-groupe-pour-leigh\\\/#primaryimage\",\"url\":\"https:\\\/\\\/catalansdragons.com\\\/wp-content\\\/uploads\\\/2026\\\/04\\\/souchephoto_new_1920x1080-2.jpg\",\"contentUrl\":\"https:\\\/\\\/catalansdragons.com\\\/wp-content\\\/uploads\\\/2026\\\/04\\\/souchephoto_new_1920x1080-2.jpg\",\"width\":1920,\"height\":1080},{\"@type\":\"BreadcrumbList\",\"@id\":\"https:\\\/\\\/catalansdragons.com\\\/en\\\/news\\\/le-groupe-pour-leigh\\\/#breadcrumb\",\"itemListElement\":[{\"@type\":\"ListItem\",\"position\":1,\"name\":\"Accueil\",\"item\":\"https:\\\/\\\/catalansdragons.com\\\/en\\\/\"},{\"@type\":\"ListItem\",\"position\":2,\"name\":\"The squad to face Leigh\"}]},{\"@type\":\"WebSite\",\"@id\":\"http:\\\/\\\/catalansdragons.com\\\/en\\\/#website\",\"url\":\"http:\\\/\\\/catalansdragons.com\\\/en\\\/\",\"name\":\"Les dragons\",\"description\":\"Les Dragons catalans sont un club professionnel fran\u00e7ais de rugby \u00e0 XIII bas\u00e9e \u00e0 Perpignan.\",\"potentialAction\":[{\"@type\":\"SearchAction\",\"target\":{\"@type\":\"EntryPoint\",\"urlTemplate\":\"http:\\\/\\\/catalansdragons.com\\\/en\\\/?s={search_term_string}\"},\"query-input\":{\"@type\":\"PropertyValueSpecification\",\"valueRequired\":true,\"valueName\":\"search_term_string\"}}],\"inLanguage\":\"en-US\"},{\"@type\":\"Person\",\"@id\":\"http:\\\/\\\/catalansdragons.com\\\/en\\\/#\\\/schema\\\/person\\\/a24f9fac9716dd4d2799b0399031453a\",\"name\":\"admdragon\"}]}<\/script>\n<!-- \/ Yoast SEO plugin. -->","yoast_head_json":{"title":"The squad to face Leigh - Les dragons","robots":{"index":"index","follow":"follow","max-snippet":"max-snippet:-1","max-image-preview":"max-image-preview:large","max-video-preview":"max-video-preview:-1"},"canonical":"https:\/\/catalansdragons.com\/en\/news\/le-groupe-pour-leigh\/","og_locale":"en_US","og_type":"article","og_title":"The squad to face Leigh - Les dragons","og_description":"The staff has named his 21-man squad to face Leigh in the Super League round 10\u00a0on Saturday, 2 May, kick-off at 7 pm CEST at the Gilbert Brutus Stadium. Franck Maria received the green light from the medical staff and could make his first appearance of the season. Cl\u00e9ment Martin is also named in the [&hellip;]","og_url":"https:\/\/catalansdragons.com\/en\/news\/le-groupe-pour-leigh\/","og_site_name":"Les dragons","article_published_time":"2026-04-30T11:00:19+00:00","og_image":[{"width":1920,"height":1080,"url":"https:\/\/catalansdragons.com\/wp-content\/uploads\/2026\/04\/souchephoto_new_1920x1080-2.jpg","type":"image\/jpeg"}],"author":"admdragon","twitter_card":"summary_large_image","schema":{"@context":"https:\/\/schema.org","@graph":[{"@type":"Article","@id":"https:\/\/catalansdragons.com\/en\/news\/le-groupe-pour-leigh\/#article","isPartOf":{"@id":"https:\/\/catalansdragons.com\/en\/news\/le-groupe-pour-leigh\/"},"author":{"name":"admdragon","@id":"http:\/\/catalansdragons.com\/en\/#\/schema\/person\/a24f9fac9716dd4d2799b0399031453a"},"headline":"The squad to face Leigh","datePublished":"2026-04-30T11:00:19+00:00","mainEntityOfPage":{"@id":"https:\/\/catalansdragons.com\/en\/news\/le-groupe-pour-leigh\/"},"wordCount":113,"image":{"@id":"https:\/\/catalansdragons.com\/en\/news\/le-groupe-pour-leigh\/#primaryimage"},"thumbnailUrl":"https:\/\/catalansdragons.com\/wp-content\/uploads\/2026\/04\/souchephoto_new_1920x1080-2.jpg","articleSection":["News"],"inLanguage":"en-US"},{"@type":"WebPage","@id":"https:\/\/catalansdragons.com\/en\/news\/le-groupe-pour-leigh\/","url":"https:\/\/catalansdragons.com\/en\/news\/le-groupe-pour-leigh\/","name":"The squad to face Leigh - Les dragons","isPartOf":{"@id":"http:\/\/catalansdragons.com\/en\/#website"},"primaryImageOfPage":{"@id":"https:\/\/catalansdragons.com\/en\/news\/le-groupe-pour-leigh\/#primaryimage"},"image":{"@id":"https:\/\/catalansdragons.com\/en\/news\/le-groupe-pour-leigh\/#primaryimage"},"thumbnailUrl":"https:\/\/catalansdragons.com\/wp-content\/uploads\/2026\/04\/souchephoto_new_1920x1080-2.jpg","datePublished":"2026-04-30T11:00:19+00:00","author":{"@id":"http:\/\/catalansdragons.com\/en\/#\/schema\/person\/a24f9fac9716dd4d2799b0399031453a"},"breadcrumb":{"@id":"https:\/\/catalansdragons.com\/en\/news\/le-groupe-pour-leigh\/#breadcrumb"},"inLanguage":"en-US","potentialAction":[{"@type":"ReadAction","target":["https:\/\/catalansdragons.com\/en\/news\/le-groupe-pour-leigh\/"]}]},{"@type":"ImageObject","inLanguage":"en-US","@id":"https:\/\/catalansdragons.com\/en\/news\/le-groupe-pour-leigh\/#primaryimage","url":"https:\/\/catalansdragons.com\/wp-content\/uploads\/2026\/04\/souchephoto_new_1920x1080-2.jpg","contentUrl":"https:\/\/catalansdragons.com\/wp-content\/uploads\/2026\/04\/souchephoto_new_1920x1080-2.jpg","width":1920,"height":1080},{"@type":"BreadcrumbList","@id":"https:\/\/catalansdragons.com\/en\/news\/le-groupe-pour-leigh\/#breadcrumb","itemListElement":[{"@type":"ListItem","position":1,"name":"Accueil","item":"https:\/\/catalansdragons.com\/en\/"},{"@type":"ListItem","position":2,"name":"The squad to face Leigh"}]},{"@type":"WebSite","@id":"http:\/\/catalansdragons.com\/en\/#website","url":"http:\/\/catalansdragons.com\/en\/","name":"Les dragons","description":"Les Dragons catalans sont un club professionnel fran\u00e7ais de rugby \u00e0 XIII bas\u00e9e \u00e0 Perpignan.","potentialAction":[{"@type":"SearchAction","target":{"@type":"EntryPoint","urlTemplate":"http:\/\/catalansdragons.com\/en\/?s={search_term_string}"},"query-input":{"@type":"PropertyValueSpecification","valueRequired":true,"valueName":"search_term_string"}}],"inLanguage":"en-US"},{"@type":"Person","@id":"http:\/\/catalansdragons.com\/en\/#\/schema\/person\/a24f9fac9716dd4d2799b0399031453a","name":"admdragon"}]}},"_links":{"self":[{"href":"https:\/\/catalansdragons.com\/en\/wp-json\/wp\/v2\/posts\/6157","targetHints":{"allow":["GET"]}}],"collection":[{"href":"https:\/\/catalansdragons.com\/en\/wp-json\/wp\/v2\/posts"}],"about":[{"href":"https:\/\/catalansdragons.com\/en\/wp-json\/wp\/v2\/types\/post"}],"author":[{"embeddable":true,"href":"https:\/\/catalansdragons.com\/en\/wp-json\/wp\/v2\/users\/6"}],"replies":[{"embeddable":true,"href":"https:\/\/catalansdragons.com\/en\/wp-json\/wp\/v2\/comments?post=6157"}],"version-history":[{"count":1,"href":"https:\/\/catalansdragons.com\/en\/wp-json\/wp\/v2\/posts\/6157\/revisions"}],"predecessor-version":[{"id":6159,"href":"https:\/\/catalansdragons.com\/en\/wp-json\/wp\/v2\/posts\/6157\/revisions\/6159"}],"wp:featuredmedia":[{"embeddable":true,"href":"https:\/\/catalansdragons.com\/en\/wp-json\/wp\/v2\/media\/6158"}],"wp:attachment":[{"href":"https:\/\/catalansdragons.com\/en\/wp-json\/wp\/v2\/media?parent=6157"}],"wp:term":[{"taxonomy":"category","embeddable":true,"href":"https:\/\/catalansdragons.com\/en\/wp-json\/wp\/v2\/categories?post=6157"},{"taxonomy":"post_tag","embeddable":true,"href":"https:\/\/catalansdragons.com\/en\/wp-json\/wp\/v2\/tags?post=6157"}],"curies":[{"name":"wp","href":"https:\/\/api.w.org\/{rel}","templated":true}]}}