{"id":6081,"date":"2026-04-28T09:36:51","date_gmt":"2026-04-28T07:36:51","guid":{"rendered":"https:\/\/catalansdragons.com\/?p=6081"},"modified":"2026-04-28T09:51:24","modified_gmt":"2026-04-28T07:51:24","slug":"reserve-team-to-face-albi-at-brutus","status":"publish","type":"post","link":"https:\/\/catalansdragons.com\/en\/news\/reserve-team-to-face-albi-at-brutus\/","title":{"rendered":"Reserve team to face Albi at Brutus"},"content":{"rendered":"<p><strong>Catalans Dragons are back to the Gilbert Brutus Stadium on Saturday, May 2, as they take on Leigh Leopards in the Super League Round 10.<\/strong><\/p>\n<p>&nbsp;<\/p>\n<p>The reserve team will play once again in the curtain-raiser game.<\/p>\n<p>St Est\u00e8ve XIII Catalan will host Super XIII reigning champions Albi. Beaten last weekend at Pia in the Catalan derby, R\u00e9mi Casty&#8217;s men will want to bounce back at home.<\/p>\n<p>&nbsp;<\/p>\n<p data-start=\"0\" data-end=\"94\">Match tickets will give access to both games, just like the 2026 season tickets holders.<\/p>\n<p data-start=\"96\" data-end=\"166\" data-is-last-node=\"\" data-is-only-node=\"\">Online ticketing is now open, so you can already book your tickets.<\/p>\n<p data-start=\"96\" data-end=\"166\" data-is-last-node=\"\" data-is-only-node=\"\"><a href='https:\/\/www.dragons-billetterie.com\/en' class='big-button bigorange' target=\"_blank\">Book your tickets<\/a><\/p>\n","protected":false},"excerpt":{"rendered":"<p>Catalans Dragons are back to the Gilbert Brutus Stadium on Saturday, May 2, as they take on Leigh Leopards in the Super League Round 10. &nbsp; The reserve team will play once again in the curtain-raiser game. St Est\u00e8ve XIII Catalan will host Super XIII reigning champions Albi. Beaten last weekend at Pia in the [&hellip;]<\/p>\n","protected":false},"author":6,"featured_media":6080,"comment_status":"closed","ping_status":"closed","sticky":false,"template":"","format":"standard","meta":{"_acf_changed":false,"_et_pb_use_builder":"","_et_pb_old_content":"","_et_gb_content_width":"","footnotes":""},"categories":[1],"tags":[],"class_list":["post-6081","post","type-post","status-publish","format-standard","has-post-thumbnail","hentry","category-news"],"acf":[],"yoast_head":"<!-- This site is optimized with the Yoast SEO plugin v27.4 - https:\/\/yoast.com\/product\/yoast-seo-wordpress\/ -->\n<title>Reserve team to face Albi at Brutus - Les dragons<\/title>\n<meta name=\"robots\" content=\"index, follow, max-snippet:-1, max-image-preview:large, max-video-preview:-1\" \/>\n<link rel=\"canonical\" href=\"https:\/\/catalansdragons.com\/en\/news\/reserve-team-to-face-albi-at-brutus\/\" \/>\n<meta property=\"og:locale\" content=\"en_US\" \/>\n<meta property=\"og:type\" content=\"article\" \/>\n<meta property=\"og:title\" content=\"Reserve team to face Albi at Brutus - Les dragons\" \/>\n<meta property=\"og:description\" content=\"Catalans Dragons are back to the Gilbert Brutus Stadium on Saturday, May 2, as they take on Leigh Leopards in the Super League Round 10. &nbsp; The reserve team will play once again in the curtain-raiser game. St Est\u00e8ve XIII Catalan will host Super XIII reigning champions Albi. Beaten last weekend at Pia in the [&hellip;]\" \/>\n<meta property=\"og:url\" content=\"https:\/\/catalansdragons.com\/en\/news\/reserve-team-to-face-albi-at-brutus\/\" \/>\n<meta property=\"og:site_name\" content=\"Les dragons\" \/>\n<meta property=\"article:published_time\" content=\"2026-04-28T07:36:51+00:00\" \/>\n<meta property=\"article:modified_time\" content=\"2026-04-28T07:51:24+00:00\" \/>\n<meta property=\"og:image\" content=\"https:\/\/catalansdragons.com\/wp-content\/uploads\/2026\/04\/S4A7596-2.jpg\" \/>\n\t<meta property=\"og:image:width\" content=\"1800\" \/>\n\t<meta property=\"og:image:height\" content=\"1200\" \/>\n\t<meta property=\"og:image:type\" content=\"image\/jpeg\" \/>\n<meta name=\"author\" content=\"admdragon\" \/>\n<meta name=\"twitter:card\" content=\"summary_large_image\" \/>\n<script type=\"application\/ld+json\" class=\"yoast-schema-graph\">{\"@context\":\"https:\\\/\\\/schema.org\",\"@graph\":[{\"@type\":\"Article\",\"@id\":\"https:\\\/\\\/catalansdragons.com\\\/en\\\/news\\\/reserve-team-to-face-albi-at-brutus\\\/#article\",\"isPartOf\":{\"@id\":\"https:\\\/\\\/catalansdragons.com\\\/en\\\/news\\\/reserve-team-to-face-albi-at-brutus\\\/\"},\"author\":{\"name\":\"admdragon\",\"@id\":\"http:\\\/\\\/catalansdragons.com\\\/en\\\/#\\\/schema\\\/person\\\/a24f9fac9716dd4d2799b0399031453a\"},\"headline\":\"Reserve team to face Albi at Brutus\",\"datePublished\":\"2026-04-28T07:36:51+00:00\",\"dateModified\":\"2026-04-28T07:51:24+00:00\",\"mainEntityOfPage\":{\"@id\":\"https:\\\/\\\/catalansdragons.com\\\/en\\\/news\\\/reserve-team-to-face-albi-at-brutus\\\/\"},\"wordCount\":119,\"image\":{\"@id\":\"https:\\\/\\\/catalansdragons.com\\\/en\\\/news\\\/reserve-team-to-face-albi-at-brutus\\\/#primaryimage\"},\"thumbnailUrl\":\"https:\\\/\\\/catalansdragons.com\\\/wp-content\\\/uploads\\\/2026\\\/04\\\/S4A7596-2.jpg\",\"articleSection\":[\"News\"],\"inLanguage\":\"en-US\"},{\"@type\":\"WebPage\",\"@id\":\"https:\\\/\\\/catalansdragons.com\\\/en\\\/news\\\/reserve-team-to-face-albi-at-brutus\\\/\",\"url\":\"https:\\\/\\\/catalansdragons.com\\\/en\\\/news\\\/reserve-team-to-face-albi-at-brutus\\\/\",\"name\":\"Reserve team to face Albi at Brutus - Les dragons\",\"isPartOf\":{\"@id\":\"http:\\\/\\\/catalansdragons.com\\\/en\\\/#website\"},\"primaryImageOfPage\":{\"@id\":\"https:\\\/\\\/catalansdragons.com\\\/en\\\/news\\\/reserve-team-to-face-albi-at-brutus\\\/#primaryimage\"},\"image\":{\"@id\":\"https:\\\/\\\/catalansdragons.com\\\/en\\\/news\\\/reserve-team-to-face-albi-at-brutus\\\/#primaryimage\"},\"thumbnailUrl\":\"https:\\\/\\\/catalansdragons.com\\\/wp-content\\\/uploads\\\/2026\\\/04\\\/S4A7596-2.jpg\",\"datePublished\":\"2026-04-28T07:36:51+00:00\",\"dateModified\":\"2026-04-28T07:51:24+00:00\",\"author\":{\"@id\":\"http:\\\/\\\/catalansdragons.com\\\/en\\\/#\\\/schema\\\/person\\\/a24f9fac9716dd4d2799b0399031453a\"},\"breadcrumb\":{\"@id\":\"https:\\\/\\\/catalansdragons.com\\\/en\\\/news\\\/reserve-team-to-face-albi-at-brutus\\\/#breadcrumb\"},\"inLanguage\":\"en-US\",\"potentialAction\":[{\"@type\":\"ReadAction\",\"target\":[\"https:\\\/\\\/catalansdragons.com\\\/en\\\/news\\\/reserve-team-to-face-albi-at-brutus\\\/\"]}]},{\"@type\":\"ImageObject\",\"inLanguage\":\"en-US\",\"@id\":\"https:\\\/\\\/catalansdragons.com\\\/en\\\/news\\\/reserve-team-to-face-albi-at-brutus\\\/#primaryimage\",\"url\":\"https:\\\/\\\/catalansdragons.com\\\/wp-content\\\/uploads\\\/2026\\\/04\\\/S4A7596-2.jpg\",\"contentUrl\":\"https:\\\/\\\/catalansdragons.com\\\/wp-content\\\/uploads\\\/2026\\\/04\\\/S4A7596-2.jpg\",\"width\":1800,\"height\":1200},{\"@type\":\"BreadcrumbList\",\"@id\":\"https:\\\/\\\/catalansdragons.com\\\/en\\\/news\\\/reserve-team-to-face-albi-at-brutus\\\/#breadcrumb\",\"itemListElement\":[{\"@type\":\"ListItem\",\"position\":1,\"name\":\"Accueil\",\"item\":\"https:\\\/\\\/catalansdragons.com\\\/en\\\/\"},{\"@type\":\"ListItem\",\"position\":2,\"name\":\"Reserve team to face Albi at Brutus\"}]},{\"@type\":\"WebSite\",\"@id\":\"http:\\\/\\\/catalansdragons.com\\\/en\\\/#website\",\"url\":\"http:\\\/\\\/catalansdragons.com\\\/en\\\/\",\"name\":\"Les dragons\",\"description\":\"Les Dragons catalans sont un club professionnel fran\u00e7ais de rugby \u00e0 XIII bas\u00e9e \u00e0 Perpignan.\",\"potentialAction\":[{\"@type\":\"SearchAction\",\"target\":{\"@type\":\"EntryPoint\",\"urlTemplate\":\"http:\\\/\\\/catalansdragons.com\\\/en\\\/?s={search_term_string}\"},\"query-input\":{\"@type\":\"PropertyValueSpecification\",\"valueRequired\":true,\"valueName\":\"search_term_string\"}}],\"inLanguage\":\"en-US\"},{\"@type\":\"Person\",\"@id\":\"http:\\\/\\\/catalansdragons.com\\\/en\\\/#\\\/schema\\\/person\\\/a24f9fac9716dd4d2799b0399031453a\",\"name\":\"admdragon\"}]}<\/script>\n<!-- \/ Yoast SEO plugin. -->","yoast_head_json":{"title":"Reserve team to face Albi at Brutus - Les dragons","robots":{"index":"index","follow":"follow","max-snippet":"max-snippet:-1","max-image-preview":"max-image-preview:large","max-video-preview":"max-video-preview:-1"},"canonical":"https:\/\/catalansdragons.com\/en\/news\/reserve-team-to-face-albi-at-brutus\/","og_locale":"en_US","og_type":"article","og_title":"Reserve team to face Albi at Brutus - Les dragons","og_description":"Catalans Dragons are back to the Gilbert Brutus Stadium on Saturday, May 2, as they take on Leigh Leopards in the Super League Round 10. &nbsp; The reserve team will play once again in the curtain-raiser game. St Est\u00e8ve XIII Catalan will host Super XIII reigning champions Albi. Beaten last weekend at Pia in the [&hellip;]","og_url":"https:\/\/catalansdragons.com\/en\/news\/reserve-team-to-face-albi-at-brutus\/","og_site_name":"Les dragons","article_published_time":"2026-04-28T07:36:51+00:00","article_modified_time":"2026-04-28T07:51:24+00:00","og_image":[{"width":1800,"height":1200,"url":"https:\/\/catalansdragons.com\/wp-content\/uploads\/2026\/04\/S4A7596-2.jpg","type":"image\/jpeg"}],"author":"admdragon","twitter_card":"summary_large_image","schema":{"@context":"https:\/\/schema.org","@graph":[{"@type":"Article","@id":"https:\/\/catalansdragons.com\/en\/news\/reserve-team-to-face-albi-at-brutus\/#article","isPartOf":{"@id":"https:\/\/catalansdragons.com\/en\/news\/reserve-team-to-face-albi-at-brutus\/"},"author":{"name":"admdragon","@id":"http:\/\/catalansdragons.com\/en\/#\/schema\/person\/a24f9fac9716dd4d2799b0399031453a"},"headline":"Reserve team to face Albi at Brutus","datePublished":"2026-04-28T07:36:51+00:00","dateModified":"2026-04-28T07:51:24+00:00","mainEntityOfPage":{"@id":"https:\/\/catalansdragons.com\/en\/news\/reserve-team-to-face-albi-at-brutus\/"},"wordCount":119,"image":{"@id":"https:\/\/catalansdragons.com\/en\/news\/reserve-team-to-face-albi-at-brutus\/#primaryimage"},"thumbnailUrl":"https:\/\/catalansdragons.com\/wp-content\/uploads\/2026\/04\/S4A7596-2.jpg","articleSection":["News"],"inLanguage":"en-US"},{"@type":"WebPage","@id":"https:\/\/catalansdragons.com\/en\/news\/reserve-team-to-face-albi-at-brutus\/","url":"https:\/\/catalansdragons.com\/en\/news\/reserve-team-to-face-albi-at-brutus\/","name":"Reserve team to face Albi at Brutus - Les dragons","isPartOf":{"@id":"http:\/\/catalansdragons.com\/en\/#website"},"primaryImageOfPage":{"@id":"https:\/\/catalansdragons.com\/en\/news\/reserve-team-to-face-albi-at-brutus\/#primaryimage"},"image":{"@id":"https:\/\/catalansdragons.com\/en\/news\/reserve-team-to-face-albi-at-brutus\/#primaryimage"},"thumbnailUrl":"https:\/\/catalansdragons.com\/wp-content\/uploads\/2026\/04\/S4A7596-2.jpg","datePublished":"2026-04-28T07:36:51+00:00","dateModified":"2026-04-28T07:51:24+00:00","author":{"@id":"http:\/\/catalansdragons.com\/en\/#\/schema\/person\/a24f9fac9716dd4d2799b0399031453a"},"breadcrumb":{"@id":"https:\/\/catalansdragons.com\/en\/news\/reserve-team-to-face-albi-at-brutus\/#breadcrumb"},"inLanguage":"en-US","potentialAction":[{"@type":"ReadAction","target":["https:\/\/catalansdragons.com\/en\/news\/reserve-team-to-face-albi-at-brutus\/"]}]},{"@type":"ImageObject","inLanguage":"en-US","@id":"https:\/\/catalansdragons.com\/en\/news\/reserve-team-to-face-albi-at-brutus\/#primaryimage","url":"https:\/\/catalansdragons.com\/wp-content\/uploads\/2026\/04\/S4A7596-2.jpg","contentUrl":"https:\/\/catalansdragons.com\/wp-content\/uploads\/2026\/04\/S4A7596-2.jpg","width":1800,"height":1200},{"@type":"BreadcrumbList","@id":"https:\/\/catalansdragons.com\/en\/news\/reserve-team-to-face-albi-at-brutus\/#breadcrumb","itemListElement":[{"@type":"ListItem","position":1,"name":"Accueil","item":"https:\/\/catalansdragons.com\/en\/"},{"@type":"ListItem","position":2,"name":"Reserve team to face Albi at Brutus"}]},{"@type":"WebSite","@id":"http:\/\/catalansdragons.com\/en\/#website","url":"http:\/\/catalansdragons.com\/en\/","name":"Les dragons","description":"Les Dragons catalans sont un club professionnel fran\u00e7ais de rugby \u00e0 XIII bas\u00e9e \u00e0 Perpignan.","potentialAction":[{"@type":"SearchAction","target":{"@type":"EntryPoint","urlTemplate":"http:\/\/catalansdragons.com\/en\/?s={search_term_string}"},"query-input":{"@type":"PropertyValueSpecification","valueRequired":true,"valueName":"search_term_string"}}],"inLanguage":"en-US"},{"@type":"Person","@id":"http:\/\/catalansdragons.com\/en\/#\/schema\/person\/a24f9fac9716dd4d2799b0399031453a","name":"admdragon"}]}},"_links":{"self":[{"href":"https:\/\/catalansdragons.com\/en\/wp-json\/wp\/v2\/posts\/6081","targetHints":{"allow":["GET"]}}],"collection":[{"href":"https:\/\/catalansdragons.com\/en\/wp-json\/wp\/v2\/posts"}],"about":[{"href":"https:\/\/catalansdragons.com\/en\/wp-json\/wp\/v2\/types\/post"}],"author":[{"embeddable":true,"href":"https:\/\/catalansdragons.com\/en\/wp-json\/wp\/v2\/users\/6"}],"replies":[{"embeddable":true,"href":"https:\/\/catalansdragons.com\/en\/wp-json\/wp\/v2\/comments?post=6081"}],"version-history":[{"count":3,"href":"https:\/\/catalansdragons.com\/en\/wp-json\/wp\/v2\/posts\/6081\/revisions"}],"predecessor-version":[{"id":6086,"href":"https:\/\/catalansdragons.com\/en\/wp-json\/wp\/v2\/posts\/6081\/revisions\/6086"}],"wp:featuredmedia":[{"embeddable":true,"href":"https:\/\/catalansdragons.com\/en\/wp-json\/wp\/v2\/media\/6080"}],"wp:attachment":[{"href":"https:\/\/catalansdragons.com\/en\/wp-json\/wp\/v2\/media?parent=6081"}],"wp:term":[{"taxonomy":"category","embeddable":true,"href":"https:\/\/catalansdragons.com\/en\/wp-json\/wp\/v2\/categories?post=6081"},{"taxonomy":"post_tag","embeddable":true,"href":"https:\/\/catalansdragons.com\/en\/wp-json\/wp\/v2\/tags?post=6081"}],"curies":[{"name":"wp","href":"https:\/\/api.w.org\/{rel}","templated":true}]}}