{"id":11569,"date":"2026-09-03T17:00:52","date_gmt":"2026-09-03T15:00:52","guid":{"rendered":"https:\/\/catalansdragons.com\/?p=11569"},"modified":"2026-09-03T15:29:31","modified_gmt":"2026-09-03T13:29:31","slug":"laurent-frayssinous-de-retour-au-club","status":"publish","type":"post","link":"https:\/\/catalansdragons.com\/en\/news\/laurent-frayssinous-de-retour-au-club\/","title":{"rendered":"Laurent Frayssinous returns to the club"},"content":{"rendered":"<p><strong>The Dragons are delighted to announce the return of Laurent Frayssinous as Assistant Coach from the 2027 season.<\/strong><\/p>\n<p>The 49-year-old, who is currently Head Coach of the France national team, has signed a two-year deal with the club.<\/p>\n<p>A former France international, Frayssinous joined the Dragons for their inaugural Super League season in 2006 before moving into the club\u2019s coaching staff in 2007 following the end of his playing career.<\/p>\n<p>He served as Assistant Coach until the end of the 2012 season, working under Mick Potter, Kevin Walters and Trent Robinson, before becoming the first French coach to take charge of a Super League team in 2013.<\/p>\n<p>Since leaving the club in 2017, Laurent Frayssinous has further developed his experience through a number of roles at the highest level. He notably joined the coaching staff at St Helens before taking charge of the France national team in 2021.<\/p>\n<p>His appointment marks the return of a coach who knows the club inside out and who will bring his experience, knowledge of the highest level and expertise to John Cartwright\u2019s coaching staff.<\/p>\n<p>He will retain his position as Head Coach of the France national team alongside his role as Assistant Coach at the Catalans Dragons. Through this arrangement, the club reaffirms its commitment to actively contributing to the development and performance of French Rugby League by strengthening the links between the highest level of the club game and the national team. The club will fully support Laurent Frayssinous in combining both roles and continuing, alongside the French Rugby League Federation, the work undertaken with the France national team over the last years.<\/p>\n<p>&nbsp;<\/p>\n<p><strong>John Cartwright<\/strong><\/p>\n<p>I\u2019m delighted to have secured Laurent\u2019s services for the next two years. He knows the club and the French game extremely well. He is a very experienced coach and will be a real asset to the club.<\/p>\n<p><strong>\u00a0<\/strong><\/p>\n<p><strong>Laurent Frayssinous<\/strong><\/p>\n<p>I\u2019m very happy and proud to be returning to the Catalans Dragons and to have committed to the club for the next two seasons as Assistant Coach.<\/p>\n<p>This club holds a special place in my career. I have already had the privilege of representing the Dragons as a player, Assistant Coach and Head Coach, and to return today, with all the experiences I have had and everything I have learned since leaving, naturally has a very special meaning for me.<\/p>\n<p>The discussions I had with S\u00e9bastien Munoz, Ben Garcia and Bernard Guasch about the project they want to put in place were particularly convincing. Their vision, their ambition for the club and the direction they want to take it were key factors in my decision to be part of this new chapter.<\/p>\n<p>I\u2019m also very pleased to be able to continue my role as Head Coach of the France national team alongside my position with the Dragons. I have a deep attachment to this team, this jersey and the project we are building together, and I still have huge ambition and desire for what lies ahead. I would like to thank Dominique Baloup, President of the French Rugby League Federation, for his trust and support, and for allowing me to continue my work with the France national team while joining the Catalans Dragons.<\/p>\n<p>I know the standards expected at the Dragons, the club\u2019s environment, its history and the expectations that come with representing this club. I\u2019m extremely grateful for the trust that has been placed in me and particularly motivated by the opportunity to put my experience, energy and skills at the service of the coaching staff, the players and the project.<\/p>\n<p>I return with great ambition and enthusiasm, with one very clear priority: to work hard, contribute to the collective effort and do everything I can to help the Dragons achieve their objectives.<\/p>\n<p>Both the Dragons and the France national team hold a special place in my career. I\u2019m proud to be able to continue my commitment to both projects and, more broadly, to French Rugby League.<\/p>\n<p>&nbsp;<\/p>\n<p><img decoding=\"async\" class=\"size-full wp-image-11567\" src=\"https:\/\/catalansdragons.com\/wp-content\/uploads\/2026\/09\/sw86_England_v_France.jpg\" alt=\"\" width=\"1809\" height=\"2400\" \/><\/p>\n","protected":false},"excerpt":{"rendered":"<p>The Dragons are delighted to announce the return of Laurent Frayssinous as Assistant Coach from the 2027 season. The 49-year-old, who is currently Head Coach of the France national team, has signed a two-year deal with the club. A former France international, Frayssinous joined the Dragons for their inaugural Super League season in 2006 before [&hellip;]<\/p>\n","protected":false},"author":6,"featured_media":11571,"comment_status":"closed","ping_status":"closed","sticky":false,"template":"","format":"standard","meta":{"_acf_changed":false,"_et_pb_use_builder":"","_et_pb_old_content":"","_et_gb_content_width":"","footnotes":""},"categories":[1],"tags":[],"class_list":["post-11569","post","type-post","status-publish","format-standard","has-post-thumbnail","hentry","category-news"],"acf":[],"yoast_head":"<!-- This site is optimized with the Yoast SEO plugin v28.4 - https:\/\/yoast.com\/product\/yoast-seo-wordpress\/ -->\n<title>Laurent Frayssinous returns to the club - Les Dragons Catalans<\/title>\n<meta name=\"robots\" content=\"index, follow, max-snippet:-1, max-image-preview:large, max-video-preview:-1\" \/>\n<link rel=\"canonical\" href=\"https:\/\/catalansdragons.com\/en\/news\/laurent-frayssinous-de-retour-au-club\/\" \/>\n<meta property=\"og:locale\" content=\"en_US\" \/>\n<meta property=\"og:type\" content=\"article\" \/>\n<meta property=\"og:title\" content=\"Laurent Frayssinous returns to the club - Les Dragons Catalans\" \/>\n<meta property=\"og:description\" content=\"The Dragons are delighted to announce the return of Laurent Frayssinous as Assistant Coach from the 2027 season. The 49-year-old, who is currently Head Coach of the France national team, has signed a two-year deal with the club. A former France international, Frayssinous joined the Dragons for their inaugural Super League season in 2006 before [&hellip;]\" \/>\n<meta property=\"og:url\" content=\"https:\/\/catalansdragons.com\/en\/news\/laurent-frayssinous-de-retour-au-club\/\" \/>\n<meta property=\"og:site_name\" content=\"Les Dragons Catalans\" \/>\n<meta property=\"article:published_time\" content=\"2026-09-03T15:00:52+00:00\" \/>\n<meta property=\"og:image\" content=\"https:\/\/catalansdragons.com\/wp-content\/uploads\/2026\/09\/sw82_England_v_France-scaled.jpg\" \/>\n\t<meta property=\"og:image:width\" content=\"2880\" \/>\n\t<meta property=\"og:image:height\" content=\"1920\" \/>\n\t<meta property=\"og:image:type\" content=\"image\/jpeg\" \/>\n<meta name=\"author\" content=\"admdragon\" \/>\n<meta name=\"twitter:card\" content=\"summary_large_image\" \/>\n<script type=\"application\/ld+json\" class=\"yoast-schema-graph\">{\"@context\":\"https:\\\/\\\/schema.org\",\"@graph\":[{\"@type\":\"Article\",\"@id\":\"https:\\\/\\\/catalansdragons.com\\\/en\\\/news\\\/laurent-frayssinous-de-retour-au-club\\\/#article\",\"isPartOf\":{\"@id\":\"https:\\\/\\\/catalansdragons.com\\\/en\\\/news\\\/laurent-frayssinous-de-retour-au-club\\\/\"},\"author\":{\"name\":\"admdragon\",\"@id\":\"http:\\\/\\\/catalansdragons.com\\\/en\\\/#\\\/schema\\\/person\\\/a24f9fac9716dd4d2799b0399031453a\"},\"headline\":\"Laurent Frayssinous returns to the club\",\"datePublished\":\"2026-09-03T15:00:52+00:00\",\"mainEntityOfPage\":{\"@id\":\"https:\\\/\\\/catalansdragons.com\\\/en\\\/news\\\/laurent-frayssinous-de-retour-au-club\\\/\"},\"wordCount\":670,\"image\":{\"@id\":\"https:\\\/\\\/catalansdragons.com\\\/en\\\/news\\\/laurent-frayssinous-de-retour-au-club\\\/#primaryimage\"},\"thumbnailUrl\":\"https:\\\/\\\/catalansdragons.com\\\/wp-content\\\/uploads\\\/2026\\\/09\\\/sw82_England_v_France-scaled.jpg\",\"articleSection\":[\"News\"],\"inLanguage\":\"en-US\"},{\"@type\":\"WebPage\",\"@id\":\"https:\\\/\\\/catalansdragons.com\\\/en\\\/news\\\/laurent-frayssinous-de-retour-au-club\\\/\",\"url\":\"https:\\\/\\\/catalansdragons.com\\\/en\\\/news\\\/laurent-frayssinous-de-retour-au-club\\\/\",\"name\":\"Laurent Frayssinous returns to the club - Les Dragons Catalans\",\"isPartOf\":{\"@id\":\"http:\\\/\\\/catalansdragons.com\\\/en\\\/#website\"},\"primaryImageOfPage\":{\"@id\":\"https:\\\/\\\/catalansdragons.com\\\/en\\\/news\\\/laurent-frayssinous-de-retour-au-club\\\/#primaryimage\"},\"image\":{\"@id\":\"https:\\\/\\\/catalansdragons.com\\\/en\\\/news\\\/laurent-frayssinous-de-retour-au-club\\\/#primaryimage\"},\"thumbnailUrl\":\"https:\\\/\\\/catalansdragons.com\\\/wp-content\\\/uploads\\\/2026\\\/09\\\/sw82_England_v_France-scaled.jpg\",\"datePublished\":\"2026-09-03T15:00:52+00:00\",\"author\":{\"@id\":\"http:\\\/\\\/catalansdragons.com\\\/en\\\/#\\\/schema\\\/person\\\/a24f9fac9716dd4d2799b0399031453a\"},\"breadcrumb\":{\"@id\":\"https:\\\/\\\/catalansdragons.com\\\/en\\\/news\\\/laurent-frayssinous-de-retour-au-club\\\/#breadcrumb\"},\"inLanguage\":\"en-US\",\"potentialAction\":[{\"@type\":\"ReadAction\",\"target\":[\"https:\\\/\\\/catalansdragons.com\\\/en\\\/news\\\/laurent-frayssinous-de-retour-au-club\\\/\"]}]},{\"@type\":\"ImageObject\",\"inLanguage\":\"en-US\",\"@id\":\"https:\\\/\\\/catalansdragons.com\\\/en\\\/news\\\/laurent-frayssinous-de-retour-au-club\\\/#primaryimage\",\"url\":\"https:\\\/\\\/catalansdragons.com\\\/wp-content\\\/uploads\\\/2026\\\/09\\\/sw82_England_v_France-scaled.jpg\",\"contentUrl\":\"https:\\\/\\\/catalansdragons.com\\\/wp-content\\\/uploads\\\/2026\\\/09\\\/sw82_England_v_France-scaled.jpg\",\"width\":2880,\"height\":1920,\"caption\":\"Picture by Allan McKenzie\\\/SWpix.com - 22\\\/10\\\/2022 - Rugby League - Rugby League World Cup 2021 - England v France - University of Bolton Stadium, Bolton, England - French coach Laurent Frayssinous dejected after his side's loss to England.\"},{\"@type\":\"BreadcrumbList\",\"@id\":\"https:\\\/\\\/catalansdragons.com\\\/en\\\/news\\\/laurent-frayssinous-de-retour-au-club\\\/#breadcrumb\",\"itemListElement\":[{\"@type\":\"ListItem\",\"position\":1,\"name\":\"Accueil\",\"item\":\"https:\\\/\\\/catalansdragons.com\\\/en\\\/\"},{\"@type\":\"ListItem\",\"position\":2,\"name\":\"Laurent Frayssinous returns to the club\"}]},{\"@type\":\"WebSite\",\"@id\":\"http:\\\/\\\/catalansdragons.com\\\/en\\\/#website\",\"url\":\"http:\\\/\\\/catalansdragons.com\\\/en\\\/\",\"name\":\"Les Dragons Catalans\",\"description\":\"Les Dragons catalans sont un club professionnel fran\u00e7ais de rugby \u00e0 XIII bas\u00e9e \u00e0 Perpignan.\",\"potentialAction\":[{\"@type\":\"SearchAction\",\"target\":{\"@type\":\"EntryPoint\",\"urlTemplate\":\"http:\\\/\\\/catalansdragons.com\\\/en\\\/?s={search_term_string}\"},\"query-input\":{\"@type\":\"PropertyValueSpecification\",\"valueRequired\":true,\"valueName\":\"search_term_string\"}}],\"inLanguage\":\"en-US\"},{\"@type\":\"Person\",\"@id\":\"http:\\\/\\\/catalansdragons.com\\\/en\\\/#\\\/schema\\\/person\\\/a24f9fac9716dd4d2799b0399031453a\",\"name\":\"admdragon\"}]}<\/script>\n<!-- \/ Yoast SEO plugin. -->","yoast_head_json":{"title":"Laurent Frayssinous returns to the club - Les Dragons Catalans","robots":{"index":"index","follow":"follow","max-snippet":"max-snippet:-1","max-image-preview":"max-image-preview:large","max-video-preview":"max-video-preview:-1"},"canonical":"https:\/\/catalansdragons.com\/en\/news\/laurent-frayssinous-de-retour-au-club\/","og_locale":"en_US","og_type":"article","og_title":"Laurent Frayssinous returns to the club - Les Dragons Catalans","og_description":"The Dragons are delighted to announce the return of Laurent Frayssinous as Assistant Coach from the 2027 season. The 49-year-old, who is currently Head Coach of the France national team, has signed a two-year deal with the club. A former France international, Frayssinous joined the Dragons for their inaugural Super League season in 2006 before [&hellip;]","og_url":"https:\/\/catalansdragons.com\/en\/news\/laurent-frayssinous-de-retour-au-club\/","og_site_name":"Les Dragons Catalans","article_published_time":"2026-09-03T15:00:52+00:00","og_image":[{"width":2880,"height":1920,"url":"https:\/\/catalansdragons.com\/wp-content\/uploads\/2026\/09\/sw82_England_v_France-scaled.jpg","type":"image\/jpeg"}],"author":"admdragon","twitter_card":"summary_large_image","schema":{"@context":"https:\/\/schema.org","@graph":[{"@type":"Article","@id":"https:\/\/catalansdragons.com\/en\/news\/laurent-frayssinous-de-retour-au-club\/#article","isPartOf":{"@id":"https:\/\/catalansdragons.com\/en\/news\/laurent-frayssinous-de-retour-au-club\/"},"author":{"name":"admdragon","@id":"http:\/\/catalansdragons.com\/en\/#\/schema\/person\/a24f9fac9716dd4d2799b0399031453a"},"headline":"Laurent Frayssinous returns to the club","datePublished":"2026-09-03T15:00:52+00:00","mainEntityOfPage":{"@id":"https:\/\/catalansdragons.com\/en\/news\/laurent-frayssinous-de-retour-au-club\/"},"wordCount":670,"image":{"@id":"https:\/\/catalansdragons.com\/en\/news\/laurent-frayssinous-de-retour-au-club\/#primaryimage"},"thumbnailUrl":"https:\/\/catalansdragons.com\/wp-content\/uploads\/2026\/09\/sw82_England_v_France-scaled.jpg","articleSection":["News"],"inLanguage":"en-US"},{"@type":"WebPage","@id":"https:\/\/catalansdragons.com\/en\/news\/laurent-frayssinous-de-retour-au-club\/","url":"https:\/\/catalansdragons.com\/en\/news\/laurent-frayssinous-de-retour-au-club\/","name":"Laurent Frayssinous returns to the club - Les Dragons Catalans","isPartOf":{"@id":"http:\/\/catalansdragons.com\/en\/#website"},"primaryImageOfPage":{"@id":"https:\/\/catalansdragons.com\/en\/news\/laurent-frayssinous-de-retour-au-club\/#primaryimage"},"image":{"@id":"https:\/\/catalansdragons.com\/en\/news\/laurent-frayssinous-de-retour-au-club\/#primaryimage"},"thumbnailUrl":"https:\/\/catalansdragons.com\/wp-content\/uploads\/2026\/09\/sw82_England_v_France-scaled.jpg","datePublished":"2026-09-03T15:00:52+00:00","author":{"@id":"http:\/\/catalansdragons.com\/en\/#\/schema\/person\/a24f9fac9716dd4d2799b0399031453a"},"breadcrumb":{"@id":"https:\/\/catalansdragons.com\/en\/news\/laurent-frayssinous-de-retour-au-club\/#breadcrumb"},"inLanguage":"en-US","potentialAction":[{"@type":"ReadAction","target":["https:\/\/catalansdragons.com\/en\/news\/laurent-frayssinous-de-retour-au-club\/"]}]},{"@type":"ImageObject","inLanguage":"en-US","@id":"https:\/\/catalansdragons.com\/en\/news\/laurent-frayssinous-de-retour-au-club\/#primaryimage","url":"https:\/\/catalansdragons.com\/wp-content\/uploads\/2026\/09\/sw82_England_v_France-scaled.jpg","contentUrl":"https:\/\/catalansdragons.com\/wp-content\/uploads\/2026\/09\/sw82_England_v_France-scaled.jpg","width":2880,"height":1920,"caption":"Picture by Allan McKenzie\/SWpix.com - 22\/10\/2022 - Rugby League - Rugby League World Cup 2021 - England v France - University of Bolton Stadium, Bolton, England - French coach Laurent Frayssinous dejected after his side's loss to England."},{"@type":"BreadcrumbList","@id":"https:\/\/catalansdragons.com\/en\/news\/laurent-frayssinous-de-retour-au-club\/#breadcrumb","itemListElement":[{"@type":"ListItem","position":1,"name":"Accueil","item":"https:\/\/catalansdragons.com\/en\/"},{"@type":"ListItem","position":2,"name":"Laurent Frayssinous returns to the club"}]},{"@type":"WebSite","@id":"http:\/\/catalansdragons.com\/en\/#website","url":"http:\/\/catalansdragons.com\/en\/","name":"Les Dragons Catalans","description":"Les Dragons catalans sont un club professionnel fran\u00e7ais de rugby \u00e0 XIII bas\u00e9e \u00e0 Perpignan.","potentialAction":[{"@type":"SearchAction","target":{"@type":"EntryPoint","urlTemplate":"http:\/\/catalansdragons.com\/en\/?s={search_term_string}"},"query-input":{"@type":"PropertyValueSpecification","valueRequired":true,"valueName":"search_term_string"}}],"inLanguage":"en-US"},{"@type":"Person","@id":"http:\/\/catalansdragons.com\/en\/#\/schema\/person\/a24f9fac9716dd4d2799b0399031453a","name":"admdragon"}]}},"_links":{"self":[{"href":"https:\/\/catalansdragons.com\/en\/wp-json\/wp\/v2\/posts\/11569","targetHints":{"allow":["GET"]}}],"collection":[{"href":"https:\/\/catalansdragons.com\/en\/wp-json\/wp\/v2\/posts"}],"about":[{"href":"https:\/\/catalansdragons.com\/en\/wp-json\/wp\/v2\/types\/post"}],"author":[{"embeddable":true,"href":"https:\/\/catalansdragons.com\/en\/wp-json\/wp\/v2\/users\/6"}],"replies":[{"embeddable":true,"href":"https:\/\/catalansdragons.com\/en\/wp-json\/wp\/v2\/comments?post=11569"}],"version-history":[{"count":3,"href":"https:\/\/catalansdragons.com\/en\/wp-json\/wp\/v2\/posts\/11569\/revisions"}],"predecessor-version":[{"id":11576,"href":"https:\/\/catalansdragons.com\/en\/wp-json\/wp\/v2\/posts\/11569\/revisions\/11576"}],"wp:featuredmedia":[{"embeddable":true,"href":"https:\/\/catalansdragons.com\/en\/wp-json\/wp\/v2\/media\/11571"}],"wp:attachment":[{"href":"https:\/\/catalansdragons.com\/en\/wp-json\/wp\/v2\/media?parent=11569"}],"wp:term":[{"taxonomy":"category","embeddable":true,"href":"https:\/\/catalansdragons.com\/en\/wp-json\/wp\/v2\/categories?post=11569"},{"taxonomy":"post_tag","embeddable":true,"href":"https:\/\/catalansdragons.com\/en\/wp-json\/wp\/v2\/tags?post=11569"}],"curies":[{"name":"wp","href":"https:\/\/api.w.org\/{rel}","templated":true}]}}