{"id":11490,"date":"2026-09-01T15:32:56","date_gmt":"2026-09-01T13:32:56","guid":{"rendered":"https:\/\/catalansdragons.com\/news\/le-staff-de-lequipe-reserve-devoile\/"},"modified":"2026-09-01T16:41:55","modified_gmt":"2026-09-01T14:41:55","slug":"le-staff-de-lequipe-reserve-devoile","status":"publish","type":"post","link":"https:\/\/catalansdragons.com\/en\/brief\/le-staff-de-lequipe-reserve-devoile\/","title":{"rendered":"Reserve team coaching staff unveiled"},"content":{"rendered":"<p><strong>Catalans Dragons reserve team is working with ambition ahead of the new season as the French Elite Championship is set to return.<\/strong><\/p>\n<p>Announced last July, Liam Duffy is the new reserve team headcoach. The 36 years-old English manager joined the club from Avignon.<\/p>\n<p>He will be assisted by Thomas Bosc, the club&#8217;s Head of Development, who will also take on the role of assistant coach of St Est\u00e8ve XIII Catalan for the 2026-27 season.<\/p>\n<p>In U19, Justin Murphy will remain in charge and will be joined by Cyril Stacul. Ther former Dragons&#8217; player returns to the club after spending the past three seasons in the L\u00e9zignan&#8217;s coaching staff.<\/p>\n<p>With this new coaching staff, the club continues its commitment to bringing former players back into the coaching structure.<\/p>\n<p>&nbsp;<\/p>\n<p><span style=\"font-size: 18pt;\"><strong>St Est\u00e8ve XIII Catalan 26-27 Coaching Staff<\/strong><\/span><\/p>\n<p><strong>Super XIII<\/strong><br \/>\nHeadcoach : Liam Duffy<br \/>\nAssistant coach : Thomas Bosc<br \/>\nTeam Manager : Maxime Capdellaire<\/p>\n<p><strong>U19<br \/>\n<\/strong>Entraineur principal : Justin Murphy<br \/>\nEntraineur assistant : Cyril Stacul<br \/>\nTeam Manager : Quentin Garcia<\/p>\n<p>Head of Performance : Jean Szarvas<br \/>\nPhysiotherapists : Antoine Deroudhile, Mathieu Perez, R\u00e9mi Martrette<br \/>\nSports Doctors : Loic Poncelet, Philippe Roques<\/p>\n","protected":false},"excerpt":{"rendered":"<p>Catalans Dragons reserve team is working with ambition ahead of the new season as the French Elite Championship is set to return. Announced last July, Liam Duffy is the new reserve team headcoach. The 36 years-old English manager joined the club from Avignon. He will be assisted by Thomas Bosc, the club&#8217;s Head of Development, [&hellip;]<\/p>\n","protected":false},"author":14,"featured_media":11493,"comment_status":"closed","ping_status":"closed","sticky":false,"template":"","format":"standard","meta":{"_acf_changed":false,"_et_pb_use_builder":"","_et_pb_old_content":"","_et_gb_content_width":"","footnotes":""},"categories":[34,42],"tags":[],"class_list":["post-11490","post","type-post","status-publish","format-standard","has-post-thumbnail","hentry","category-brief","category-reserve"],"acf":[],"yoast_head":"<!-- This site is optimized with the Yoast SEO plugin v28.4 - https:\/\/yoast.com\/product\/yoast-seo-wordpress\/ -->\n<title>Reserve team coaching staff unveiled - Les Dragons Catalans<\/title>\n<meta name=\"robots\" content=\"index, follow, max-snippet:-1, max-image-preview:large, max-video-preview:-1\" \/>\n<link rel=\"canonical\" href=\"https:\/\/catalansdragons.com\/en\/brief\/le-staff-de-lequipe-reserve-devoile\/\" \/>\n<meta property=\"og:locale\" content=\"en_US\" \/>\n<meta property=\"og:type\" content=\"article\" \/>\n<meta property=\"og:title\" content=\"Reserve team coaching staff unveiled - Les Dragons Catalans\" \/>\n<meta property=\"og:description\" content=\"Catalans Dragons reserve team is working with ambition ahead of the new season as the French Elite Championship is set to return. Announced last July, Liam Duffy is the new reserve team headcoach. The 36 years-old English manager joined the club from Avignon. He will be assisted by Thomas Bosc, the club&#8217;s Head of Development, [&hellip;]\" \/>\n<meta property=\"og:url\" content=\"https:\/\/catalansdragons.com\/en\/brief\/le-staff-de-lequipe-reserve-devoile\/\" \/>\n<meta property=\"og:site_name\" content=\"Les Dragons Catalans\" \/>\n<meta property=\"article:published_time\" content=\"2026-09-01T13:32:56+00:00\" \/>\n<meta property=\"article:modified_time\" content=\"2026-09-01T14:41:55+00:00\" \/>\n<meta property=\"og:image\" content=\"https:\/\/catalansdragons.com\/wp-content\/uploads\/2026\/09\/6S4A9816-2.jpg\" \/>\n\t<meta property=\"og:image:width\" content=\"2048\" \/>\n\t<meta property=\"og:image:height\" content=\"1365\" \/>\n\t<meta property=\"og:image:type\" content=\"image\/jpeg\" \/>\n<meta name=\"author\" content=\"jheraud\" \/>\n<meta name=\"twitter:card\" content=\"summary_large_image\" \/>\n<script type=\"application\/ld+json\" class=\"yoast-schema-graph\">{\"@context\":\"https:\\\/\\\/schema.org\",\"@graph\":[{\"@type\":\"Article\",\"@id\":\"https:\\\/\\\/catalansdragons.com\\\/en\\\/brief\\\/le-staff-de-lequipe-reserve-devoile\\\/#article\",\"isPartOf\":{\"@id\":\"https:\\\/\\\/catalansdragons.com\\\/en\\\/brief\\\/le-staff-de-lequipe-reserve-devoile\\\/\"},\"author\":{\"name\":\"jheraud\",\"@id\":\"http:\\\/\\\/catalansdragons.com\\\/en\\\/#\\\/schema\\\/person\\\/f6b5e9c92857a7843a97d463f865fc7f\"},\"headline\":\"Reserve team coaching staff unveiled\",\"datePublished\":\"2026-09-01T13:32:56+00:00\",\"dateModified\":\"2026-09-01T14:41:55+00:00\",\"mainEntityOfPage\":{\"@id\":\"https:\\\/\\\/catalansdragons.com\\\/en\\\/brief\\\/le-staff-de-lequipe-reserve-devoile\\\/\"},\"wordCount\":189,\"image\":{\"@id\":\"https:\\\/\\\/catalansdragons.com\\\/en\\\/brief\\\/le-staff-de-lequipe-reserve-devoile\\\/#primaryimage\"},\"thumbnailUrl\":\"https:\\\/\\\/catalansdragons.com\\\/wp-content\\\/uploads\\\/2026\\\/09\\\/6S4A9816-2.jpg\",\"articleSection\":[\"Brief\",\"Reserve\"],\"inLanguage\":\"en-US\"},{\"@type\":\"WebPage\",\"@id\":\"https:\\\/\\\/catalansdragons.com\\\/en\\\/brief\\\/le-staff-de-lequipe-reserve-devoile\\\/\",\"url\":\"https:\\\/\\\/catalansdragons.com\\\/en\\\/brief\\\/le-staff-de-lequipe-reserve-devoile\\\/\",\"name\":\"Reserve team coaching staff unveiled - Les Dragons Catalans\",\"isPartOf\":{\"@id\":\"http:\\\/\\\/catalansdragons.com\\\/en\\\/#website\"},\"primaryImageOfPage\":{\"@id\":\"https:\\\/\\\/catalansdragons.com\\\/en\\\/brief\\\/le-staff-de-lequipe-reserve-devoile\\\/#primaryimage\"},\"image\":{\"@id\":\"https:\\\/\\\/catalansdragons.com\\\/en\\\/brief\\\/le-staff-de-lequipe-reserve-devoile\\\/#primaryimage\"},\"thumbnailUrl\":\"https:\\\/\\\/catalansdragons.com\\\/wp-content\\\/uploads\\\/2026\\\/09\\\/6S4A9816-2.jpg\",\"datePublished\":\"2026-09-01T13:32:56+00:00\",\"dateModified\":\"2026-09-01T14:41:55+00:00\",\"author\":{\"@id\":\"http:\\\/\\\/catalansdragons.com\\\/en\\\/#\\\/schema\\\/person\\\/f6b5e9c92857a7843a97d463f865fc7f\"},\"breadcrumb\":{\"@id\":\"https:\\\/\\\/catalansdragons.com\\\/en\\\/brief\\\/le-staff-de-lequipe-reserve-devoile\\\/#breadcrumb\"},\"inLanguage\":\"en-US\",\"potentialAction\":[{\"@type\":\"ReadAction\",\"target\":[\"https:\\\/\\\/catalansdragons.com\\\/en\\\/brief\\\/le-staff-de-lequipe-reserve-devoile\\\/\"]}]},{\"@type\":\"ImageObject\",\"inLanguage\":\"en-US\",\"@id\":\"https:\\\/\\\/catalansdragons.com\\\/en\\\/brief\\\/le-staff-de-lequipe-reserve-devoile\\\/#primaryimage\",\"url\":\"https:\\\/\\\/catalansdragons.com\\\/wp-content\\\/uploads\\\/2026\\\/09\\\/6S4A9816-2.jpg\",\"contentUrl\":\"https:\\\/\\\/catalansdragons.com\\\/wp-content\\\/uploads\\\/2026\\\/09\\\/6S4A9816-2.jpg\",\"width\":2048,\"height\":1365},{\"@type\":\"BreadcrumbList\",\"@id\":\"https:\\\/\\\/catalansdragons.com\\\/en\\\/brief\\\/le-staff-de-lequipe-reserve-devoile\\\/#breadcrumb\",\"itemListElement\":[{\"@type\":\"ListItem\",\"position\":1,\"name\":\"Accueil\",\"item\":\"https:\\\/\\\/catalansdragons.com\\\/en\\\/\"},{\"@type\":\"ListItem\",\"position\":2,\"name\":\"Reserve team coaching staff unveiled\"}]},{\"@type\":\"WebSite\",\"@id\":\"http:\\\/\\\/catalansdragons.com\\\/en\\\/#website\",\"url\":\"http:\\\/\\\/catalansdragons.com\\\/en\\\/\",\"name\":\"Les Dragons Catalans\",\"description\":\"Les Dragons catalans sont un club professionnel fran\u00e7ais de rugby \u00e0 XIII bas\u00e9e \u00e0 Perpignan.\",\"potentialAction\":[{\"@type\":\"SearchAction\",\"target\":{\"@type\":\"EntryPoint\",\"urlTemplate\":\"http:\\\/\\\/catalansdragons.com\\\/en\\\/?s={search_term_string}\"},\"query-input\":{\"@type\":\"PropertyValueSpecification\",\"valueRequired\":true,\"valueName\":\"search_term_string\"}}],\"inLanguage\":\"en-US\"},{\"@type\":\"Person\",\"@id\":\"http:\\\/\\\/catalansdragons.com\\\/en\\\/#\\\/schema\\\/person\\\/f6b5e9c92857a7843a97d463f865fc7f\",\"name\":\"jheraud\"}]}<\/script>\n<!-- \/ Yoast SEO plugin. -->","yoast_head_json":{"title":"Reserve team coaching staff unveiled - Les Dragons Catalans","robots":{"index":"index","follow":"follow","max-snippet":"max-snippet:-1","max-image-preview":"max-image-preview:large","max-video-preview":"max-video-preview:-1"},"canonical":"https:\/\/catalansdragons.com\/en\/brief\/le-staff-de-lequipe-reserve-devoile\/","og_locale":"en_US","og_type":"article","og_title":"Reserve team coaching staff unveiled - Les Dragons Catalans","og_description":"Catalans Dragons reserve team is working with ambition ahead of the new season as the French Elite Championship is set to return. Announced last July, Liam Duffy is the new reserve team headcoach. The 36 years-old English manager joined the club from Avignon. He will be assisted by Thomas Bosc, the club&#8217;s Head of Development, [&hellip;]","og_url":"https:\/\/catalansdragons.com\/en\/brief\/le-staff-de-lequipe-reserve-devoile\/","og_site_name":"Les Dragons Catalans","article_published_time":"2026-09-01T13:32:56+00:00","article_modified_time":"2026-09-01T14:41:55+00:00","og_image":[{"width":2048,"height":1365,"url":"https:\/\/catalansdragons.com\/wp-content\/uploads\/2026\/09\/6S4A9816-2.jpg","type":"image\/jpeg"}],"author":"jheraud","twitter_card":"summary_large_image","schema":{"@context":"https:\/\/schema.org","@graph":[{"@type":"Article","@id":"https:\/\/catalansdragons.com\/en\/brief\/le-staff-de-lequipe-reserve-devoile\/#article","isPartOf":{"@id":"https:\/\/catalansdragons.com\/en\/brief\/le-staff-de-lequipe-reserve-devoile\/"},"author":{"name":"jheraud","@id":"http:\/\/catalansdragons.com\/en\/#\/schema\/person\/f6b5e9c92857a7843a97d463f865fc7f"},"headline":"Reserve team coaching staff unveiled","datePublished":"2026-09-01T13:32:56+00:00","dateModified":"2026-09-01T14:41:55+00:00","mainEntityOfPage":{"@id":"https:\/\/catalansdragons.com\/en\/brief\/le-staff-de-lequipe-reserve-devoile\/"},"wordCount":189,"image":{"@id":"https:\/\/catalansdragons.com\/en\/brief\/le-staff-de-lequipe-reserve-devoile\/#primaryimage"},"thumbnailUrl":"https:\/\/catalansdragons.com\/wp-content\/uploads\/2026\/09\/6S4A9816-2.jpg","articleSection":["Brief","Reserve"],"inLanguage":"en-US"},{"@type":"WebPage","@id":"https:\/\/catalansdragons.com\/en\/brief\/le-staff-de-lequipe-reserve-devoile\/","url":"https:\/\/catalansdragons.com\/en\/brief\/le-staff-de-lequipe-reserve-devoile\/","name":"Reserve team coaching staff unveiled - Les Dragons Catalans","isPartOf":{"@id":"http:\/\/catalansdragons.com\/en\/#website"},"primaryImageOfPage":{"@id":"https:\/\/catalansdragons.com\/en\/brief\/le-staff-de-lequipe-reserve-devoile\/#primaryimage"},"image":{"@id":"https:\/\/catalansdragons.com\/en\/brief\/le-staff-de-lequipe-reserve-devoile\/#primaryimage"},"thumbnailUrl":"https:\/\/catalansdragons.com\/wp-content\/uploads\/2026\/09\/6S4A9816-2.jpg","datePublished":"2026-09-01T13:32:56+00:00","dateModified":"2026-09-01T14:41:55+00:00","author":{"@id":"http:\/\/catalansdragons.com\/en\/#\/schema\/person\/f6b5e9c92857a7843a97d463f865fc7f"},"breadcrumb":{"@id":"https:\/\/catalansdragons.com\/en\/brief\/le-staff-de-lequipe-reserve-devoile\/#breadcrumb"},"inLanguage":"en-US","potentialAction":[{"@type":"ReadAction","target":["https:\/\/catalansdragons.com\/en\/brief\/le-staff-de-lequipe-reserve-devoile\/"]}]},{"@type":"ImageObject","inLanguage":"en-US","@id":"https:\/\/catalansdragons.com\/en\/brief\/le-staff-de-lequipe-reserve-devoile\/#primaryimage","url":"https:\/\/catalansdragons.com\/wp-content\/uploads\/2026\/09\/6S4A9816-2.jpg","contentUrl":"https:\/\/catalansdragons.com\/wp-content\/uploads\/2026\/09\/6S4A9816-2.jpg","width":2048,"height":1365},{"@type":"BreadcrumbList","@id":"https:\/\/catalansdragons.com\/en\/brief\/le-staff-de-lequipe-reserve-devoile\/#breadcrumb","itemListElement":[{"@type":"ListItem","position":1,"name":"Accueil","item":"https:\/\/catalansdragons.com\/en\/"},{"@type":"ListItem","position":2,"name":"Reserve team coaching staff unveiled"}]},{"@type":"WebSite","@id":"http:\/\/catalansdragons.com\/en\/#website","url":"http:\/\/catalansdragons.com\/en\/","name":"Les Dragons Catalans","description":"Les Dragons catalans sont un club professionnel fran\u00e7ais de rugby \u00e0 XIII bas\u00e9e \u00e0 Perpignan.","potentialAction":[{"@type":"SearchAction","target":{"@type":"EntryPoint","urlTemplate":"http:\/\/catalansdragons.com\/en\/?s={search_term_string}"},"query-input":{"@type":"PropertyValueSpecification","valueRequired":true,"valueName":"search_term_string"}}],"inLanguage":"en-US"},{"@type":"Person","@id":"http:\/\/catalansdragons.com\/en\/#\/schema\/person\/f6b5e9c92857a7843a97d463f865fc7f","name":"jheraud"}]}},"_links":{"self":[{"href":"https:\/\/catalansdragons.com\/en\/wp-json\/wp\/v2\/posts\/11490","targetHints":{"allow":["GET"]}}],"collection":[{"href":"https:\/\/catalansdragons.com\/en\/wp-json\/wp\/v2\/posts"}],"about":[{"href":"https:\/\/catalansdragons.com\/en\/wp-json\/wp\/v2\/types\/post"}],"author":[{"embeddable":true,"href":"https:\/\/catalansdragons.com\/en\/wp-json\/wp\/v2\/users\/14"}],"replies":[{"embeddable":true,"href":"https:\/\/catalansdragons.com\/en\/wp-json\/wp\/v2\/comments?post=11490"}],"version-history":[{"count":2,"href":"https:\/\/catalansdragons.com\/en\/wp-json\/wp\/v2\/posts\/11490\/revisions"}],"predecessor-version":[{"id":11495,"href":"https:\/\/catalansdragons.com\/en\/wp-json\/wp\/v2\/posts\/11490\/revisions\/11495"}],"wp:featuredmedia":[{"embeddable":true,"href":"https:\/\/catalansdragons.com\/en\/wp-json\/wp\/v2\/media\/11493"}],"wp:attachment":[{"href":"https:\/\/catalansdragons.com\/en\/wp-json\/wp\/v2\/media?parent=11490"}],"wp:term":[{"taxonomy":"category","embeddable":true,"href":"https:\/\/catalansdragons.com\/en\/wp-json\/wp\/v2\/categories?post=11490"},{"taxonomy":"post_tag","embeddable":true,"href":"https:\/\/catalansdragons.com\/en\/wp-json\/wp\/v2\/tags?post=11490"}],"curies":[{"name":"wp","href":"https:\/\/api.w.org\/{rel}","templated":true}]}}